
{"id":12032,"date":"2023-02-01T09:45:09","date_gmt":"2023-02-01T08:45:09","guid":{"rendered":"https:\/\/hlb-poland.global\/?p=12032"},"modified":"2023-07-26T14:47:51","modified_gmt":"2023-07-26T13:47:51","slug":"aenderungen-des-arbeitsrechts-auf-eu-ebene","status":"publish","type":"post","link":"https:\/\/hlb-poland.global\/de\/aenderungen-des-arbeitsrechts-auf-eu-ebene\/","title":{"rendered":"\u00c4nderungen des Arbeitsrechts auf EU-Ebene"},"content":{"rendered":"<p><img decoding=\"async\" class=\"aligncenter size-full wp-image-7323 global-commitment-globe img-fluid\" style=\"margin-bottom: 50px;\" src=\"https:\/\/hlb-poland.global\/wp-content\/uploads\/2023\/02\/HLB-DE-Anderungen-des-Arbeitsrechts-auf-EU-Ebene.jpg\" alt=\"\u00c4nderungen des Arbeitsrechts auf EU-Ebene\" \/><\/p>\n<p><img loading=\"lazy\" decoding=\"async\" class=\"aligright alignright wp-image-162143\" src=\"https:\/\/hlb-poland.global\/wp-content\/uploads\/2023\/01\/legal-force-2019-logo-16-9.jpg\" alt=\"kancelaria prawna sdzlegal Schindhelm\" width=\"267\" height=\"150\" \/><\/p>\n<h2>\u00c4nderungen im Arbeitsrecht   <\/h2>\n<p>Die EU-Gesetzgeber arbeiten st\u00e4ndig daran, die Arbeits- und Lohnbedingungen in den Mitgliedstaaten so weit wie m\u00f6glich anzugleichen. Im Dezember 2022 wurde eine Richtlinie \u00fcber die ausgewogene Vertretung von Frauen und M\u00e4nnern in Unternehmensvorst\u00e4nden ver\u00f6ffentlicht. Dar\u00fcber hinaus wird weiter an einem Vorschlag zur Beseitigung des geschlechtsspezifischen Lohngef\u00e4lles gearbeitet.    <\/p>\n<hr \/>\n<h2>Richtlinie \u00fcber die ausgewogene Vertretung von Frauen und M\u00e4nnern in den Leitungsorganen von Unternehmen   <\/h2>\n<p>Ziel der Richtlinie 2022\/2381 \u00fcber die Verbesserung der Geschlechterparit\u00e4t in den Leitungsorganen b\u00f6rsennotierter Gesellschaften und damit zusammenh\u00e4ngende Ma\u00dfnahmen ist eine ausgewogene Vertretung der Geschlechter in den Leitungsorganen b\u00f6rsennotierter Gesellschaften.   <\/p>\n<p><span style=\"font-weight: bold;\">Anwendungsbereich<\/span><\/p>\n<p>Diese Richtlinie gilt nur f\u00fcr b\u00f6rsennotierte Unternehmen. Kleinst-, kleine und mittlere Unternehmen (mit weniger als 250 Besch\u00e4ftigten) fallen nicht unter die Richtlinie.   <\/p>\n<p><span style=\"font-weight: bold;\">Geplante \u00c4nderungen<\/span><\/p>\n<p>Es ist davon auszugehen, dass bis zum 30. Juni 2026 mindestens 40 % der nicht gesch\u00e4ftsf\u00fchrenden Direktorenposten oder mindestens 33 % aller Direktorenposten in b\u00f6rsennotierten Unternehmen von Frauen besetzt sein werden. Dies \u00e4ndert jedoch nichts an der Tatsache, dass bei der Auswahl von Kandidaten f\u00fcr eine Position nach wie vor in erster Linie Leistungskriterien herangezogen werden, und die Auswahl einer bestimmten Person im Vergleich zu anderen Kandidaten transparent und nicht diskriminierend sein muss. B\u00f6rsennotierte Unternehmen m\u00fcssen den zust\u00e4ndigen Institutionen einmal j\u00e4hrlich \u00fcber die Geschlechterstruktur in ihren Gremien Bericht erstatten. Wenn sie das Ziel der Richtlinie nicht erreichen, m\u00fcssen sie zus\u00e4tzlich Informationen \u00fcber geplante \u00c4nderungen vorlegen, mit denen das Ziel erreicht werden soll. Die Unternehmen sind verpflichtet, die oben genannten Informationen auf ihren Webseiten zu ver\u00f6ffentlichen, damit sie \u00f6ffentlich zug\u00e4nglich sind. Die Mitgliedstaaten m\u00fcssen wirksame, abschreckende und verh\u00e4ltnism\u00e4\u00dfige Sanktionen einf\u00fchren, die gegen Unternehmen verh\u00e4ngt werden, die dieser Richtlinie nicht nachkommen.   <\/p>\n<p><span style=\"font-weight: bold;\">Inkrafttreten und Umsetzung<\/span><\/p>\n<p>Die Richtlinie ist am 27. Dezember 2022 in Kraft getreten. Die Mitgliedstaaten m\u00fcssen bis zum 28. Dezember 2024 die erforderlichen Rechts-,  Verwaltungs- und Ausf\u00fchrungsvorschriften erlassen, um diese Richtlinie umzusetzen. <\/p>\n<hr \/>\n<h2>Entwurf einer Richtlinie zur Beseitigung des geschlechtsspezifischen Lohngef\u00e4lles   <\/h2>\n<p>Hauptziel des Richtlinienentwurfs COM(2021) 93 endg\u00fcltig, 2021\/0050 (COD) ist die Verbesserung der Lohntransparenz und die Durchsetzung des Grundsatzes des gleichen Einkommens.   <\/p>\n<p><span style=\"font-weight: bold;\">Anwendungsbereich<\/span><br \/>\nDer Richtlinienentwurf gilt sowohl f\u00fcr Arbeitgeber des \u00f6ffentlichen als auch des privaten Sektors. Er gilt f\u00fcr alle Arbeitnehmer, die durch einen Arbeitsvertrag gebunden sind, oder in einem anderen Arbeitsverh\u00e4ltnis stehen, wie es in den Rechtsvorschriften, Tarifvertr\u00e4gen oder Gepflogenheiten der einzelnen Mitgliedstaaten definiert ist, unter besonderer Ber\u00fccksichtigung der Rechtsprechung des Gerichtshofs der Europ\u00e4ischen Union. <\/p>\n<p><span style=\"font-weight: bold;\">Geplante \u00c4nderungen<\/span><br \/>\nDer Arbeitgeber wird verpflichtet sein, Informationen \u00fcber die Geh\u00e4lter im Unternehmen zur Verf\u00fcgung zu stellen. Die Bewerber haben das Recht, von ihrem k\u00fcnftigen Arbeitgeber Informationen \u00fcber das f\u00fcr die Stelle vorgesehene Anfangsgehalt oder die Gehaltsspanne zu erhalten, die auf objektiven und geschlechtsneutralen Kriterien beruhen. Diese Informationen m\u00fcssen in dem ver\u00f6ffentlichten Stellenangebot enthalten sein, oder dem Bewerber vor dem Vorstellungsgespr\u00e4ch mitgeteilt werden. Das bedeutet, dass Bewerber, die zu einem Vorstellungsgespr\u00e4ch gehen, eine allgemeine Vorstellung von dem Gehalt haben m\u00fcssen, das sie f\u00fcr die Stelle, auf die sie sich bewerben, erhalten werden. Die Arbeitnehmer haben auch das Recht, die Kriterien einzusehen, nach denen ein bestimmtes Gehalt und eventuelle Gehaltserh\u00f6hungen festgelegt werden. Diese Kriterien m\u00fcssen geschlechtsneutral sein. Die Arbeitnehmer haben au\u00dferdem das Recht, Informationen \u00fcber ihre individuelle Gehaltsh\u00f6he und die durchschnittliche H\u00f6he der L\u00f6hne von Arbeitnehmern, die die gleiche oder eine gleichwertige Arbeit verrichten, zu verlangen. Ein Unternehmen, das mindestens 250 Mitarbeiter besch\u00e4ftigt, muss der zust\u00e4ndigen nationalen Beh\u00f6rde Informationen \u00fcber das geschlechtsspezifische Lohngef\u00e4lle in seinem Unternehmen melden. Diese Informationen muss der Arbeitgeber auch seinen Besch\u00e4ftigten und deren Vertretern zur Verf\u00fcgung stellen. Wenn aus diesen Berichten hervorgeht, dass der Unterschied im durchschnittlichen Lohnniveau zwischen weiblichen und m\u00e4nnlichen Besch\u00e4ftigten mindestens 5 Prozent betr\u00e4gt, und dieses nicht durch objektive und geschlechtsneutrale Kriterien gerechtfertigt ist, muss der Arbeitgeber in Zusammenarbeit mit den Arbeitnehmervertretern eine gemeinschaftliche Lohnbewertung durchf\u00fchren. Au\u00dferdem soll es verboten werden, die Arbeitnehmer zur Geheimhaltung ihres Gehalts zu verpflichten. H\u00e4lt sich der Arbeitgeber nicht an diese Regelung, hat der Arbeitnehmer das Recht, eine Entsch\u00e4digung oder Wiedergutmachung zu verlangen. In einem solchen Fall liegt die Beweislast beim Arbeitgeber.   <\/p>\n<p><span style=\"font-weight: bold;\">Inkrafttreten und Umsetzung<\/span><br \/>\nDerzeit gibt es keine Informationen dar\u00fcber, wann die Richtlinie verabschiedet wird. Es ist jedoch bekannt, dass die Mitgliedstaaten zwei Jahre ab Inkrafttreten der Richtlinie Zeit haben, diese in nationales Recht umzusetzen. <\/p>\n<hr \/>\n<p><img loading=\"lazy\" decoding=\"async\" class=\"size-full wp-image-162143 aligncenter\" src=\"https:\/\/hlb-poland.global\/wp-content\/uploads\/2023\/01\/legal-force-2019-logo-16-9.jpg\" alt=\"kancelaria prawna sdzlegal Schindhelm\" width=\"267\" height=\"150\" \/><span style=\"font-weight: bold;\">Quelle:<\/span> Der Artikel wurde in Zusammenarbeit mit unserem Kooperationspartner sdzlegal Schindhelm Law Office erstellt.<\/p>\n<hr \\>\n<p>Wenn Sie weitere Fragen haben, oder zus\u00e4tzliche Informationen ben\u00f6tigen, wenden Sie sich bitte an Ihren Ansprechpartner oder nutzen Sie das Kontaktformular auf unserer <strong>getsix\u00ae<\/strong> Website.<\/p>\n<p><u><a href=\"https:\/\/hlb-poland.global\/de\/kontakt\/\">Kontaktieren Sie uns \u00bb<\/a><\/u><\/p>\n<p style=\"text-align: center;\">***<\/p>\n<div style=\"padding: 10px; margin-bottom: 20px; background-color: #f1f2f5; color: #7d7d7d; text-align: justify;\"><em>Diese Ver\u00f6ffentlichung ist eine unverbindliche Information und dient der allgemeinen Information. Die bereitgestellten Informationen stellen keine Rechts-, Steuer- oder Unternehmensberatung dar, und ersetzen auch keine individuelle Beratung. Trotz sorgf\u00e4ltiger Bearbeitung werden alle Angaben in dieser Ver\u00f6ffentlichung ohne Gew\u00e4hr f\u00fcr die Richtigkeit, Aktualit\u00e4t und Vollst\u00e4ndigkeit der Informationen gemacht. Die Informationen in dieser Ver\u00f6ffentlichung sind nicht als alleinige Handlungsgrundlage geeignet, und k\u00f6nnen eine konkrete Beratung im Einzelfall nicht ersetzen. Die Haftung der Autoren oder von getsix\u00ae ist ausgeschlossen. Wir bitten Sie, sich bei Bedarf f\u00fcr eine verbindliche Beratung direkt an uns zu wenden. Der Inhalt dieser Ver\u00f6ffentlichung ist geistiges Eigentum von getsix\u00ae oder seiner Partnerunternehmen und ist urheberrechtlich gesch\u00fctzt. Nutzer dieser Informationen d\u00fcrfen den Inhalt der Ver\u00f6ffentlichung ausschlie\u00dflich f\u00fcr eigene Zwecke herunterladen, ausdrucken oder kopieren.<\/em><\/div>\n","protected":false},"excerpt":{"rendered":"<p>\u00c4nderungen im Arbeitsrecht Die EU-Gesetzgeber arbeiten st\u00e4ndig daran, die Arbeits- und Lohnbedingungen in den Mitgliedstaaten so weit wie m\u00f6glich anzugleichen&#8230;<\/p>\n<div class=\"clear\"><\/div><a class=\"more-link\" href=\"https:\/\/hlb-poland.global\/de\/aenderungen-des-arbeitsrechts-auf-eu-ebene\/\"> Mehr erfahren <\/a>","protected":false},"author":5,"featured_media":12033,"comment_status":"closed","ping_status":"closed","sticky":false,"template":"press-room.php","format":"standard","meta":{"_acf_changed":false,"footnotes":""},"categories":[258],"tags":[1328,1270,330,1311],"class_list":["post-12032","post","type-post","status-publish","format-standard","has-post-thumbnail","hentry","category-presseraum","tag-2023-de","tag-arbeitsrecht-in-polen","tag-hr-de","tag-hr-dienstleistungen-in-polen"],"acf":[],"yoast_head":"<!-- This site is optimized with the Yoast SEO plugin v27.2 - https:\/\/yoast.com\/product\/yoast-seo-wordpress\/ -->\n<title>\u00c4nderungen des Arbeitsrechts auf EU-Ebene | HLB Poland<\/title>\n<meta name=\"description\" content=\"Das EP verabschiedete neue Regeln f\u00fcr ein ausgewogenes Geschlechterverh\u00e4ltnis in Unternehmensvorst\u00e4nden und setzt die Arbeit an der...\" \/>\n<meta name=\"robots\" content=\"index, follow, max-snippet:-1, max-image-preview:large, max-video-preview:-1\" \/>\n<link rel=\"canonical\" href=\"https:\/\/hlb-poland.global\/de\/aenderungen-des-arbeitsrechts-auf-eu-ebene\/\" \/>\n<meta property=\"og:locale\" content=\"de_DE\" \/>\n<meta property=\"og:type\" content=\"article\" \/>\n<meta property=\"og:title\" content=\"\u00c4nderungen des Arbeitsrechts auf EU-Ebene | HLB Poland\" \/>\n<meta property=\"og:description\" content=\"Das EP verabschiedete neue Regeln f\u00fcr ein ausgewogenes Geschlechterverh\u00e4ltnis in Unternehmensvorst\u00e4nden und setzt die Arbeit an der...\" \/>\n<meta property=\"og:url\" content=\"https:\/\/hlb-poland.global\/de\/aenderungen-des-arbeitsrechts-auf-eu-ebene\/\" \/>\n<meta property=\"og:site_name\" content=\"HLB Poland\" \/>\n<meta property=\"article:publisher\" content=\"https:\/\/www.facebook.com\/HLBPoland\" \/>\n<meta property=\"article:published_time\" content=\"2023-02-01T08:45:09+00:00\" \/>\n<meta property=\"article:modified_time\" content=\"2023-07-26T13:47:51+00:00\" \/>\n<meta property=\"og:image\" content=\"https:\/\/hlb-poland.global\/wp-content\/uploads\/2023\/02\/HLB-DE-Anderungen-des-Arbeitsrechts-auf-EU-Ebene.jpg\" \/>\n\t<meta property=\"og:image:width\" content=\"1116\" \/>\n\t<meta property=\"og:image:height\" content=\"586\" \/>\n\t<meta property=\"og:image:type\" content=\"image\/jpeg\" \/>\n<meta name=\"author\" content=\"HLB Poland\" \/>\n<meta name=\"twitter:card\" content=\"summary_large_image\" \/>\n<meta name=\"twitter:label1\" content=\"Verfasst von\" \/>\n\t<meta name=\"twitter:data1\" content=\"HLB Poland\" \/>\n\t<meta name=\"twitter:label2\" content=\"Gesch\u00e4tzte Lesezeit\" \/>\n\t<meta name=\"twitter:data2\" content=\"5\u00a0Minuten\" \/>\n<script type=\"application\/ld+json\" class=\"yoast-schema-graph\">{\"@context\":\"https:\/\/schema.org\",\"@graph\":[{\"@type\":\"Article\",\"@id\":\"https:\/\/hlb-poland.global\/de\/aenderungen-des-arbeitsrechts-auf-eu-ebene\/#article\",\"isPartOf\":{\"@id\":\"https:\/\/hlb-poland.global\/de\/aenderungen-des-arbeitsrechts-auf-eu-ebene\/\"},\"author\":{\"name\":\"HLB Poland\",\"@id\":\"https:\/\/hlb-poland.global\/#\/schema\/person\/dd881241bc56bb574e03446255354943\"},\"headline\":\"\u00c4nderungen des Arbeitsrechts auf EU-Ebene\",\"datePublished\":\"2023-02-01T08:45:09+00:00\",\"dateModified\":\"2023-07-26T13:47:51+00:00\",\"mainEntityOfPage\":{\"@id\":\"https:\/\/hlb-poland.global\/de\/aenderungen-des-arbeitsrechts-auf-eu-ebene\/\"},\"wordCount\":923,\"publisher\":{\"@id\":\"https:\/\/hlb-poland.global\/#organization\"},\"image\":{\"@id\":\"https:\/\/hlb-poland.global\/de\/aenderungen-des-arbeitsrechts-auf-eu-ebene\/#primaryimage\"},\"thumbnailUrl\":\"https:\/\/hlb-poland.global\/wp-content\/uploads\/2023\/02\/HLB-DE-Anderungen-des-Arbeitsrechts-auf-EU-Ebene.jpg\",\"keywords\":[\"2023\",\"Arbeitsrecht in Polen\",\"HR\",\"HR-Dienstleistungen in Polen\"],\"articleSection\":[\"Presseraum\"],\"inLanguage\":\"de\"},{\"@type\":\"WebPage\",\"@id\":\"https:\/\/hlb-poland.global\/de\/aenderungen-des-arbeitsrechts-auf-eu-ebene\/\",\"url\":\"https:\/\/hlb-poland.global\/de\/aenderungen-des-arbeitsrechts-auf-eu-ebene\/\",\"name\":\"\u00c4nderungen des Arbeitsrechts auf EU-Ebene | HLB Poland\",\"isPartOf\":{\"@id\":\"https:\/\/hlb-poland.global\/#website\"},\"primaryImageOfPage\":{\"@id\":\"https:\/\/hlb-poland.global\/de\/aenderungen-des-arbeitsrechts-auf-eu-ebene\/#primaryimage\"},\"image\":{\"@id\":\"https:\/\/hlb-poland.global\/de\/aenderungen-des-arbeitsrechts-auf-eu-ebene\/#primaryimage\"},\"thumbnailUrl\":\"https:\/\/hlb-poland.global\/wp-content\/uploads\/2023\/02\/HLB-DE-Anderungen-des-Arbeitsrechts-auf-EU-Ebene.jpg\",\"datePublished\":\"2023-02-01T08:45:09+00:00\",\"dateModified\":\"2023-07-26T13:47:51+00:00\",\"description\":\"Das EP verabschiedete neue Regeln f\u00fcr ein ausgewogenes Geschlechterverh\u00e4ltnis in Unternehmensvorst\u00e4nden und setzt die Arbeit an der...\",\"breadcrumb\":{\"@id\":\"https:\/\/hlb-poland.global\/de\/aenderungen-des-arbeitsrechts-auf-eu-ebene\/#breadcrumb\"},\"inLanguage\":\"de\",\"potentialAction\":[{\"@type\":\"ReadAction\",\"target\":[\"https:\/\/hlb-poland.global\/de\/aenderungen-des-arbeitsrechts-auf-eu-ebene\/\"]}]},{\"@type\":\"ImageObject\",\"inLanguage\":\"de\",\"@id\":\"https:\/\/hlb-poland.global\/de\/aenderungen-des-arbeitsrechts-auf-eu-ebene\/#primaryimage\",\"url\":\"https:\/\/hlb-poland.global\/wp-content\/uploads\/2023\/02\/HLB-DE-Anderungen-des-Arbeitsrechts-auf-EU-Ebene.jpg\",\"contentUrl\":\"https:\/\/hlb-poland.global\/wp-content\/uploads\/2023\/02\/HLB-DE-Anderungen-des-Arbeitsrechts-auf-EU-Ebene.jpg\",\"width\":1116,\"height\":586,\"caption\":\"\u00c4nderungen des Arbeitsrechts auf EU-Ebene\"},{\"@type\":\"BreadcrumbList\",\"@id\":\"https:\/\/hlb-poland.global\/de\/aenderungen-des-arbeitsrechts-auf-eu-ebene\/#breadcrumb\",\"itemListElement\":[{\"@type\":\"ListItem\",\"position\":1,\"name\":\"Startseite\",\"item\":\"https:\/\/hlb-poland.global\/de\/\"},{\"@type\":\"ListItem\",\"position\":2,\"name\":\"\u00c4nderungen des Arbeitsrechts auf EU-Ebene\"}]},{\"@type\":\"WebSite\",\"@id\":\"https:\/\/hlb-poland.global\/#website\",\"url\":\"https:\/\/hlb-poland.global\/\",\"name\":\"HLB Poland\",\"description\":\"Advisory and accounting\",\"publisher\":{\"@id\":\"https:\/\/hlb-poland.global\/#organization\"},\"potentialAction\":[{\"@type\":\"SearchAction\",\"target\":{\"@type\":\"EntryPoint\",\"urlTemplate\":\"https:\/\/hlb-poland.global\/?s={search_term_string}\"},\"query-input\":{\"@type\":\"PropertyValueSpecification\",\"valueRequired\":true,\"valueName\":\"search_term_string\"}}],\"inLanguage\":\"de\"},{\"@type\":\"Organization\",\"@id\":\"https:\/\/hlb-poland.global\/#organization\",\"name\":\"HLB Poland\",\"url\":\"https:\/\/hlb-poland.global\/\",\"logo\":{\"@type\":\"ImageObject\",\"inLanguage\":\"de\",\"@id\":\"https:\/\/hlb-poland.global\/#\/schema\/logo\/image\/\",\"url\":\"https:\/\/hlb-poland.global\/wp-content\/uploads\/2025\/12\/hlb-poland-og-image.png\",\"contentUrl\":\"https:\/\/hlb-poland.global\/wp-content\/uploads\/2025\/12\/hlb-poland-og-image.png\",\"width\":1200,\"height\":630,\"caption\":\"HLB Poland\"},\"image\":{\"@id\":\"https:\/\/hlb-poland.global\/#\/schema\/logo\/image\/\"},\"sameAs\":[\"https:\/\/www.facebook.com\/HLBPoland\",\"https:\/\/www.linkedin.com\/company\/hlb-poland\"]},{\"@type\":\"Person\",\"@id\":\"https:\/\/hlb-poland.global\/#\/schema\/person\/dd881241bc56bb574e03446255354943\",\"name\":\"HLB Poland\",\"image\":{\"@type\":\"ImageObject\",\"inLanguage\":\"de\",\"@id\":\"https:\/\/secure.gravatar.com\/avatar\/cb17ae17ed039f20aaeacb3daf7f9ea86ff832f4f75898d3f4ffe2488d267d7e?s=96&d=mm&r=g\",\"url\":\"https:\/\/secure.gravatar.com\/avatar\/cb17ae17ed039f20aaeacb3daf7f9ea86ff832f4f75898d3f4ffe2488d267d7e?s=96&d=mm&r=g\",\"contentUrl\":\"https:\/\/secure.gravatar.com\/avatar\/cb17ae17ed039f20aaeacb3daf7f9ea86ff832f4f75898d3f4ffe2488d267d7e?s=96&d=mm&r=g\",\"caption\":\"HLB Poland\"}}]}<\/script>\n<!-- \/ Yoast SEO plugin. -->","yoast_head_json":{"title":"\u00c4nderungen des Arbeitsrechts auf EU-Ebene | HLB Poland","description":"Das EP verabschiedete neue Regeln f\u00fcr ein ausgewogenes Geschlechterverh\u00e4ltnis in Unternehmensvorst\u00e4nden und setzt die Arbeit an der...","robots":{"index":"index","follow":"follow","max-snippet":"max-snippet:-1","max-image-preview":"max-image-preview:large","max-video-preview":"max-video-preview:-1"},"canonical":"https:\/\/hlb-poland.global\/de\/aenderungen-des-arbeitsrechts-auf-eu-ebene\/","og_locale":"de_DE","og_type":"article","og_title":"\u00c4nderungen des Arbeitsrechts auf EU-Ebene | HLB Poland","og_description":"Das EP verabschiedete neue Regeln f\u00fcr ein ausgewogenes Geschlechterverh\u00e4ltnis in Unternehmensvorst\u00e4nden und setzt die Arbeit an der...","og_url":"https:\/\/hlb-poland.global\/de\/aenderungen-des-arbeitsrechts-auf-eu-ebene\/","og_site_name":"HLB Poland","article_publisher":"https:\/\/www.facebook.com\/HLBPoland","article_published_time":"2023-02-01T08:45:09+00:00","article_modified_time":"2023-07-26T13:47:51+00:00","og_image":[{"width":1116,"height":586,"url":"https:\/\/hlb-poland.global\/wp-content\/uploads\/2023\/02\/HLB-DE-Anderungen-des-Arbeitsrechts-auf-EU-Ebene.jpg","type":"image\/jpeg"}],"author":"HLB Poland","twitter_card":"summary_large_image","twitter_misc":{"Verfasst von":"HLB Poland","Gesch\u00e4tzte Lesezeit":"5\u00a0Minuten"},"schema":{"@context":"https:\/\/schema.org","@graph":[{"@type":"Article","@id":"https:\/\/hlb-poland.global\/de\/aenderungen-des-arbeitsrechts-auf-eu-ebene\/#article","isPartOf":{"@id":"https:\/\/hlb-poland.global\/de\/aenderungen-des-arbeitsrechts-auf-eu-ebene\/"},"author":{"name":"HLB Poland","@id":"https:\/\/hlb-poland.global\/#\/schema\/person\/dd881241bc56bb574e03446255354943"},"headline":"\u00c4nderungen des Arbeitsrechts auf EU-Ebene","datePublished":"2023-02-01T08:45:09+00:00","dateModified":"2023-07-26T13:47:51+00:00","mainEntityOfPage":{"@id":"https:\/\/hlb-poland.global\/de\/aenderungen-des-arbeitsrechts-auf-eu-ebene\/"},"wordCount":923,"publisher":{"@id":"https:\/\/hlb-poland.global\/#organization"},"image":{"@id":"https:\/\/hlb-poland.global\/de\/aenderungen-des-arbeitsrechts-auf-eu-ebene\/#primaryimage"},"thumbnailUrl":"https:\/\/hlb-poland.global\/wp-content\/uploads\/2023\/02\/HLB-DE-Anderungen-des-Arbeitsrechts-auf-EU-Ebene.jpg","keywords":["2023","Arbeitsrecht in Polen","HR","HR-Dienstleistungen in Polen"],"articleSection":["Presseraum"],"inLanguage":"de"},{"@type":"WebPage","@id":"https:\/\/hlb-poland.global\/de\/aenderungen-des-arbeitsrechts-auf-eu-ebene\/","url":"https:\/\/hlb-poland.global\/de\/aenderungen-des-arbeitsrechts-auf-eu-ebene\/","name":"\u00c4nderungen des Arbeitsrechts auf EU-Ebene | HLB Poland","isPartOf":{"@id":"https:\/\/hlb-poland.global\/#website"},"primaryImageOfPage":{"@id":"https:\/\/hlb-poland.global\/de\/aenderungen-des-arbeitsrechts-auf-eu-ebene\/#primaryimage"},"image":{"@id":"https:\/\/hlb-poland.global\/de\/aenderungen-des-arbeitsrechts-auf-eu-ebene\/#primaryimage"},"thumbnailUrl":"https:\/\/hlb-poland.global\/wp-content\/uploads\/2023\/02\/HLB-DE-Anderungen-des-Arbeitsrechts-auf-EU-Ebene.jpg","datePublished":"2023-02-01T08:45:09+00:00","dateModified":"2023-07-26T13:47:51+00:00","description":"Das EP verabschiedete neue Regeln f\u00fcr ein ausgewogenes Geschlechterverh\u00e4ltnis in Unternehmensvorst\u00e4nden und setzt die Arbeit an der...","breadcrumb":{"@id":"https:\/\/hlb-poland.global\/de\/aenderungen-des-arbeitsrechts-auf-eu-ebene\/#breadcrumb"},"inLanguage":"de","potentialAction":[{"@type":"ReadAction","target":["https:\/\/hlb-poland.global\/de\/aenderungen-des-arbeitsrechts-auf-eu-ebene\/"]}]},{"@type":"ImageObject","inLanguage":"de","@id":"https:\/\/hlb-poland.global\/de\/aenderungen-des-arbeitsrechts-auf-eu-ebene\/#primaryimage","url":"https:\/\/hlb-poland.global\/wp-content\/uploads\/2023\/02\/HLB-DE-Anderungen-des-Arbeitsrechts-auf-EU-Ebene.jpg","contentUrl":"https:\/\/hlb-poland.global\/wp-content\/uploads\/2023\/02\/HLB-DE-Anderungen-des-Arbeitsrechts-auf-EU-Ebene.jpg","width":1116,"height":586,"caption":"\u00c4nderungen des Arbeitsrechts auf EU-Ebene"},{"@type":"BreadcrumbList","@id":"https:\/\/hlb-poland.global\/de\/aenderungen-des-arbeitsrechts-auf-eu-ebene\/#breadcrumb","itemListElement":[{"@type":"ListItem","position":1,"name":"Startseite","item":"https:\/\/hlb-poland.global\/de\/"},{"@type":"ListItem","position":2,"name":"\u00c4nderungen des Arbeitsrechts auf EU-Ebene"}]},{"@type":"WebSite","@id":"https:\/\/hlb-poland.global\/#website","url":"https:\/\/hlb-poland.global\/","name":"HLB Poland","description":"Advisory and accounting","publisher":{"@id":"https:\/\/hlb-poland.global\/#organization"},"potentialAction":[{"@type":"SearchAction","target":{"@type":"EntryPoint","urlTemplate":"https:\/\/hlb-poland.global\/?s={search_term_string}"},"query-input":{"@type":"PropertyValueSpecification","valueRequired":true,"valueName":"search_term_string"}}],"inLanguage":"de"},{"@type":"Organization","@id":"https:\/\/hlb-poland.global\/#organization","name":"HLB Poland","url":"https:\/\/hlb-poland.global\/","logo":{"@type":"ImageObject","inLanguage":"de","@id":"https:\/\/hlb-poland.global\/#\/schema\/logo\/image\/","url":"https:\/\/hlb-poland.global\/wp-content\/uploads\/2025\/12\/hlb-poland-og-image.png","contentUrl":"https:\/\/hlb-poland.global\/wp-content\/uploads\/2025\/12\/hlb-poland-og-image.png","width":1200,"height":630,"caption":"HLB Poland"},"image":{"@id":"https:\/\/hlb-poland.global\/#\/schema\/logo\/image\/"},"sameAs":["https:\/\/www.facebook.com\/HLBPoland","https:\/\/www.linkedin.com\/company\/hlb-poland"]},{"@type":"Person","@id":"https:\/\/hlb-poland.global\/#\/schema\/person\/dd881241bc56bb574e03446255354943","name":"HLB Poland","image":{"@type":"ImageObject","inLanguage":"de","@id":"https:\/\/secure.gravatar.com\/avatar\/cb17ae17ed039f20aaeacb3daf7f9ea86ff832f4f75898d3f4ffe2488d267d7e?s=96&d=mm&r=g","url":"https:\/\/secure.gravatar.com\/avatar\/cb17ae17ed039f20aaeacb3daf7f9ea86ff832f4f75898d3f4ffe2488d267d7e?s=96&d=mm&r=g","contentUrl":"https:\/\/secure.gravatar.com\/avatar\/cb17ae17ed039f20aaeacb3daf7f9ea86ff832f4f75898d3f4ffe2488d267d7e?s=96&d=mm&r=g","caption":"HLB Poland"}}]}},"_links":{"self":[{"href":"https:\/\/hlb-poland.global\/de\/wp-json\/wp\/v2\/posts\/12032","targetHints":{"allow":["GET"]}}],"collection":[{"href":"https:\/\/hlb-poland.global\/de\/wp-json\/wp\/v2\/posts"}],"about":[{"href":"https:\/\/hlb-poland.global\/de\/wp-json\/wp\/v2\/types\/post"}],"author":[{"embeddable":true,"href":"https:\/\/hlb-poland.global\/de\/wp-json\/wp\/v2\/users\/5"}],"replies":[{"embeddable":true,"href":"https:\/\/hlb-poland.global\/de\/wp-json\/wp\/v2\/comments?post=12032"}],"version-history":[{"count":3,"href":"https:\/\/hlb-poland.global\/de\/wp-json\/wp\/v2\/posts\/12032\/revisions"}],"predecessor-version":[{"id":13235,"href":"https:\/\/hlb-poland.global\/de\/wp-json\/wp\/v2\/posts\/12032\/revisions\/13235"}],"wp:featuredmedia":[{"embeddable":true,"href":"https:\/\/hlb-poland.global\/de\/wp-json\/wp\/v2\/media\/12033"}],"wp:attachment":[{"href":"https:\/\/hlb-poland.global\/de\/wp-json\/wp\/v2\/media?parent=12032"}],"wp:term":[{"taxonomy":"category","embeddable":true,"href":"https:\/\/hlb-poland.global\/de\/wp-json\/wp\/v2\/categories?post=12032"},{"taxonomy":"post_tag","embeddable":true,"href":"https:\/\/hlb-poland.global\/de\/wp-json\/wp\/v2\/tags?post=12032"}],"curies":[{"name":"wp","href":"https:\/\/api.w.org\/{rel}","templated":true}]}}