
{"id":12297,"date":"2023-01-20T13:41:26","date_gmt":"2023-01-20T12:41:26","guid":{"rendered":"https:\/\/hlb-poland.global\/?p=12297"},"modified":"2024-01-08T15:12:44","modified_gmt":"2024-01-08T14:12:44","slug":"dem-gebrauch-eines-privaten-kfz-der-mitarbeiter-auch-zu-dienstlichen-zwecken","status":"publish","type":"post","link":"https:\/\/hlb-poland.global\/de\/dem-gebrauch-eines-privaten-kfz-der-mitarbeiter-auch-zu-dienstlichen-zwecken\/","title":{"rendered":"Der Gebrauch eines privaten KFZ der Mitarbeiter auch zu dienstlichen Zwecken"},"content":{"rendered":"<p><img decoding=\"async\" class=\"aligncenter size-full wp-image-7323 global-commitment-globe img-fluid\" style=\"margin-bottom: 50px;\" src=\"https:\/\/hlb-poland.global\/wp-content\/uploads\/2023\/04\/HLB-Hohere-Aufwendungen-fur-die-Arbeitgeber-verbunden-mit-dem-Gebrauch-eines-privaten-KFZ.jpg\" alt=\"H\u00f6here Aufwendungen f\u00fcr die Arbeitgeber, verbunden mit dem Gebrauch eines privaten KFZ der Mitarbeiter auch zu dienstlichen Zwecken\" \/><\/p>\n<p><img loading=\"lazy\" decoding=\"async\" class=\"aligright alignright wp-image-162143\" src=\"https:\/\/hlb-poland.global\/wp-content\/uploads\/2023\/01\/legal-force-2019-logo-16-9.jpg\" alt=\"kancelaria prawna sdzlegal Schindhelm\" width=\"267\" height=\"150\" \/><\/p>\n<h2> H\u00f6here kosten f\u00fcr das Fahrtengeld  <\/h2>\n<p>Mit der Verordnung des Ministers f\u00fcr Infrastruktur vom 22. Dezember 2022 zur \u00c4nderung der Verordnung \u00fcber die Bedingungen f\u00fcr die Festsetzung und die Art der Erstattung der Kosten f\u00fcr die Nutzung von Privatfahrzeugen, Motorr\u00e4dern und Mopeds zu gesch\u00e4ftlichen Zwecken, haben sich die Kosten f\u00fcr die Nutzung von Fahrzeugen zu gesch\u00e4ftlichen Zwecken ge\u00e4ndert.    <\/p>\n<p>Der Arbeitgeber ist verpflichtet, die <span style=\"font-weight: bold;\">neuen h\u00f6heren<\/span> S\u00e4tze pro 1 Kilometer Fahrleistung zu \u00fcbernehmen.    <\/p>\n<h3>S\u00e4tze  <\/h3>\n<p>F\u00fcr Personenkraftwagen mit einem Hubraum von<span style=\"font-weight: bold;\"> bis zu 900 cm3<\/span> d\u00fcrfen die S\u00e4tze nicht h\u00f6her sein als <span style=\"font-weight: bold;\">0,89 PLN<\/span>, und f\u00fcr Personenkraftwagen mit einem Hubraum von mehr <span style=\"font-weight: bold;\">als 900 cm3 &#8211; 1,15 PLN<\/span>. <span style=\"font-weight: bold;\">F\u00fcr Motorr\u00e4der d\u00fcrfen die Tarife nicht h\u00f6her sein als 0,69 PLN<\/span> und f\u00fcr <span style=\"font-weight: bold;\">Mopeds &#8211; 0,42 PLN<\/span>.    <\/p>\n<h3>Ab wann?    <\/h3>\n<p>Die neue Verordnung tritt 14 Tage nach ihrer Bekanntgabe in Kraft, d.h. am <span style=\"font-weight: bold;\">17. Januar 2023<\/span>. Es ist zu beachten, dass wenn die bereits eingereichte Erkl\u00e4rung des Arbeitnehmers \u00fcber die Nutzung eines Fahrzeugs zu gesch\u00e4ftlichen Zwecken nicht vor dem oben genannten Termin bearbeitet wird, die neuen S\u00e4tze bei der Ermittlung der H\u00f6he der monatlichen Pauschale anzuwenden sind.    <\/p>\n<hr \/>\n<h2>Was ist mit der steuer?    <\/h2>\n<p>Die vom Arbeitgeber gew\u00e4hrte Erstattung ist im Prinzip Einkommen des Arbeitnehmers aus dem Arbeitsverh\u00e4ltnis, ist aber gem\u00e4\u00df Artikel 21 Absatz 1 Nummer 16 Buchstabe A und Artikel 21 Absatz 1 Nummer 23b des PIT-Gesetzes steuerfrei. Der Betrag f\u00fcr die Erstattung der Fahrkosten ist ein abzugsf\u00e4higer Aufwand f\u00fcr den Arbeitgeber. Es ist jedoch zu beachten, dass gem\u00e4\u00df Artikel 16 Absatz 1 Nummer 30 des CIT-Gesetzes und Artikel 23 Absatz 1 Nummer 36 des PIT-Gesetzes die Ausgaben des Arbeitgebers, die den H\u00f6chstbetrag \u00fcberschreiten, keine Kosten sind. <\/p>\n<hr \/>\n<p><span style=\"font-weight: bold;\">Quelle:<\/span> Der Artikel wurde in Zusammenarbeit mit unserem Kooperationspartner sdzlegal Schindhelm Law Office erstellt.<\/p>\n","protected":false},"excerpt":{"rendered":"<p>H\u00f6here kosten f\u00fcr das Fahrtengeld Mit der Verordnung des Ministers f\u00fcr Infrastruktur vom 22. Dezember 2022 zur \u00c4nderung der Verordnung..<\/p>\n<div class=\"clear\"><\/div><a class=\"more-link\" href=\"https:\/\/hlb-poland.global\/de\/dem-gebrauch-eines-privaten-kfz-der-mitarbeiter-auch-zu-dienstlichen-zwecken\/\"> Mehr erfahren <\/a>","protected":false},"author":5,"featured_media":12298,"comment_status":"closed","ping_status":"closed","sticky":false,"template":"press-room-with-footer.php","format":"standard","meta":{"_acf_changed":false,"footnotes":""},"categories":[258],"tags":[1328,283],"class_list":["post-12297","post","type-post","status-publish","format-standard","has-post-thumbnail","hentry","category-presseraum","tag-2023-de","tag-buchhaltungs-dienstleistungen"],"acf":[],"yoast_head":"<!-- This site is optimized with the Yoast SEO plugin v27.2 - https:\/\/yoast.com\/product\/yoast-seo-wordpress\/ -->\n<title>Dem Gebrauch eines privaten KFZ der Mitarbeiter | HLB Poland<\/title>\n<meta name=\"description\" content=\"\u00c4nderung der Verordnung \u00fcber die Voraussetzungen f\u00fcr die Festsetzung und die Art der Erstattung der Kosten f\u00fcr die Benutzung von...\" \/>\n<meta name=\"robots\" content=\"index, follow, max-snippet:-1, max-image-preview:large, max-video-preview:-1\" \/>\n<link rel=\"canonical\" href=\"https:\/\/hlb-poland.global\/de\/dem-gebrauch-eines-privaten-kfz-der-mitarbeiter-auch-zu-dienstlichen-zwecken\/\" \/>\n<meta property=\"og:locale\" content=\"de_DE\" \/>\n<meta property=\"og:type\" content=\"article\" \/>\n<meta property=\"og:title\" content=\"Dem Gebrauch eines privaten KFZ der Mitarbeiter | HLB Poland\" \/>\n<meta property=\"og:description\" content=\"\u00c4nderung der Verordnung \u00fcber die Voraussetzungen f\u00fcr die Festsetzung und die Art der Erstattung der Kosten f\u00fcr die Benutzung von...\" \/>\n<meta property=\"og:url\" content=\"https:\/\/hlb-poland.global\/de\/dem-gebrauch-eines-privaten-kfz-der-mitarbeiter-auch-zu-dienstlichen-zwecken\/\" \/>\n<meta property=\"og:site_name\" content=\"HLB Poland\" \/>\n<meta property=\"article:publisher\" content=\"https:\/\/www.facebook.com\/HLBPoland\" \/>\n<meta property=\"article:published_time\" content=\"2023-01-20T12:41:26+00:00\" \/>\n<meta property=\"article:modified_time\" content=\"2024-01-08T14:12:44+00:00\" \/>\n<meta property=\"og:image\" content=\"https:\/\/hlb-poland.global\/wp-content\/uploads\/2023\/04\/HLB-Hohere-Aufwendungen-fur-die-Arbeitgeber-verbunden-mit-dem-Gebrauch-eines-privaten-KFZ.jpg\" \/>\n\t<meta property=\"og:image:width\" content=\"1116\" \/>\n\t<meta property=\"og:image:height\" content=\"586\" \/>\n\t<meta property=\"og:image:type\" content=\"image\/jpeg\" \/>\n<meta name=\"author\" content=\"HLB Poland\" \/>\n<meta name=\"twitter:card\" content=\"summary_large_image\" \/>\n<meta name=\"twitter:label1\" content=\"Verfasst von\" \/>\n\t<meta name=\"twitter:data1\" content=\"HLB Poland\" \/>\n\t<meta name=\"twitter:label2\" content=\"Gesch\u00e4tzte Lesezeit\" \/>\n\t<meta name=\"twitter:data2\" content=\"1\u00a0Minute\" \/>\n<script type=\"application\/ld+json\" class=\"yoast-schema-graph\">{\"@context\":\"https:\/\/schema.org\",\"@graph\":[{\"@type\":\"Article\",\"@id\":\"https:\/\/hlb-poland.global\/de\/dem-gebrauch-eines-privaten-kfz-der-mitarbeiter-auch-zu-dienstlichen-zwecken\/#article\",\"isPartOf\":{\"@id\":\"https:\/\/hlb-poland.global\/de\/dem-gebrauch-eines-privaten-kfz-der-mitarbeiter-auch-zu-dienstlichen-zwecken\/\"},\"author\":{\"name\":\"HLB Poland\",\"@id\":\"https:\/\/hlb-poland.global\/#\/schema\/person\/dd881241bc56bb574e03446255354943\"},\"headline\":\"Der Gebrauch eines privaten KFZ der Mitarbeiter auch zu dienstlichen Zwecken\",\"datePublished\":\"2023-01-20T12:41:26+00:00\",\"dateModified\":\"2024-01-08T14:12:44+00:00\",\"mainEntityOfPage\":{\"@id\":\"https:\/\/hlb-poland.global\/de\/dem-gebrauch-eines-privaten-kfz-der-mitarbeiter-auch-zu-dienstlichen-zwecken\/\"},\"wordCount\":306,\"publisher\":{\"@id\":\"https:\/\/hlb-poland.global\/#organization\"},\"image\":{\"@id\":\"https:\/\/hlb-poland.global\/de\/dem-gebrauch-eines-privaten-kfz-der-mitarbeiter-auch-zu-dienstlichen-zwecken\/#primaryimage\"},\"thumbnailUrl\":\"https:\/\/hlb-poland.global\/wp-content\/uploads\/2023\/04\/HLB-Hohere-Aufwendungen-fur-die-Arbeitgeber-verbunden-mit-dem-Gebrauch-eines-privaten-KFZ.jpg\",\"keywords\":[\"2023\",\"Buchhaltungs Dienstleistungen\"],\"articleSection\":[\"Presseraum\"],\"inLanguage\":\"de\"},{\"@type\":\"WebPage\",\"@id\":\"https:\/\/hlb-poland.global\/de\/dem-gebrauch-eines-privaten-kfz-der-mitarbeiter-auch-zu-dienstlichen-zwecken\/\",\"url\":\"https:\/\/hlb-poland.global\/de\/dem-gebrauch-eines-privaten-kfz-der-mitarbeiter-auch-zu-dienstlichen-zwecken\/\",\"name\":\"Dem Gebrauch eines privaten KFZ der Mitarbeiter | HLB Poland\",\"isPartOf\":{\"@id\":\"https:\/\/hlb-poland.global\/#website\"},\"primaryImageOfPage\":{\"@id\":\"https:\/\/hlb-poland.global\/de\/dem-gebrauch-eines-privaten-kfz-der-mitarbeiter-auch-zu-dienstlichen-zwecken\/#primaryimage\"},\"image\":{\"@id\":\"https:\/\/hlb-poland.global\/de\/dem-gebrauch-eines-privaten-kfz-der-mitarbeiter-auch-zu-dienstlichen-zwecken\/#primaryimage\"},\"thumbnailUrl\":\"https:\/\/hlb-poland.global\/wp-content\/uploads\/2023\/04\/HLB-Hohere-Aufwendungen-fur-die-Arbeitgeber-verbunden-mit-dem-Gebrauch-eines-privaten-KFZ.jpg\",\"datePublished\":\"2023-01-20T12:41:26+00:00\",\"dateModified\":\"2024-01-08T14:12:44+00:00\",\"description\":\"\u00c4nderung der Verordnung \u00fcber die Voraussetzungen f\u00fcr die Festsetzung und die Art der Erstattung der Kosten f\u00fcr die Benutzung von...\",\"breadcrumb\":{\"@id\":\"https:\/\/hlb-poland.global\/de\/dem-gebrauch-eines-privaten-kfz-der-mitarbeiter-auch-zu-dienstlichen-zwecken\/#breadcrumb\"},\"inLanguage\":\"de\",\"potentialAction\":[{\"@type\":\"ReadAction\",\"target\":[\"https:\/\/hlb-poland.global\/de\/dem-gebrauch-eines-privaten-kfz-der-mitarbeiter-auch-zu-dienstlichen-zwecken\/\"]}]},{\"@type\":\"ImageObject\",\"inLanguage\":\"de\",\"@id\":\"https:\/\/hlb-poland.global\/de\/dem-gebrauch-eines-privaten-kfz-der-mitarbeiter-auch-zu-dienstlichen-zwecken\/#primaryimage\",\"url\":\"https:\/\/hlb-poland.global\/wp-content\/uploads\/2023\/04\/HLB-Hohere-Aufwendungen-fur-die-Arbeitgeber-verbunden-mit-dem-Gebrauch-eines-privaten-KFZ.jpg\",\"contentUrl\":\"https:\/\/hlb-poland.global\/wp-content\/uploads\/2023\/04\/HLB-Hohere-Aufwendungen-fur-die-Arbeitgeber-verbunden-mit-dem-Gebrauch-eines-privaten-KFZ.jpg\",\"width\":1116,\"height\":586,\"caption\":\"H\u00f6here Aufwendungen f\u00fcr die Arbeitgeber, verbunden mit dem Gebrauch eines privaten KFZ\"},{\"@type\":\"BreadcrumbList\",\"@id\":\"https:\/\/hlb-poland.global\/de\/dem-gebrauch-eines-privaten-kfz-der-mitarbeiter-auch-zu-dienstlichen-zwecken\/#breadcrumb\",\"itemListElement\":[{\"@type\":\"ListItem\",\"position\":1,\"name\":\"Startseite\",\"item\":\"https:\/\/hlb-poland.global\/de\/\"},{\"@type\":\"ListItem\",\"position\":2,\"name\":\"Der Gebrauch eines privaten KFZ der Mitarbeiter auch zu dienstlichen Zwecken\"}]},{\"@type\":\"WebSite\",\"@id\":\"https:\/\/hlb-poland.global\/#website\",\"url\":\"https:\/\/hlb-poland.global\/\",\"name\":\"HLB Poland\",\"description\":\"Advisory and accounting\",\"publisher\":{\"@id\":\"https:\/\/hlb-poland.global\/#organization\"},\"potentialAction\":[{\"@type\":\"SearchAction\",\"target\":{\"@type\":\"EntryPoint\",\"urlTemplate\":\"https:\/\/hlb-poland.global\/?s={search_term_string}\"},\"query-input\":{\"@type\":\"PropertyValueSpecification\",\"valueRequired\":true,\"valueName\":\"search_term_string\"}}],\"inLanguage\":\"de\"},{\"@type\":\"Organization\",\"@id\":\"https:\/\/hlb-poland.global\/#organization\",\"name\":\"HLB Poland\",\"url\":\"https:\/\/hlb-poland.global\/\",\"logo\":{\"@type\":\"ImageObject\",\"inLanguage\":\"de\",\"@id\":\"https:\/\/hlb-poland.global\/#\/schema\/logo\/image\/\",\"url\":\"https:\/\/hlb-poland.global\/wp-content\/uploads\/2025\/12\/hlb-poland-og-image.png\",\"contentUrl\":\"https:\/\/hlb-poland.global\/wp-content\/uploads\/2025\/12\/hlb-poland-og-image.png\",\"width\":1200,\"height\":630,\"caption\":\"HLB Poland\"},\"image\":{\"@id\":\"https:\/\/hlb-poland.global\/#\/schema\/logo\/image\/\"},\"sameAs\":[\"https:\/\/www.facebook.com\/HLBPoland\",\"https:\/\/www.linkedin.com\/company\/hlb-poland\"]},{\"@type\":\"Person\",\"@id\":\"https:\/\/hlb-poland.global\/#\/schema\/person\/dd881241bc56bb574e03446255354943\",\"name\":\"HLB Poland\",\"image\":{\"@type\":\"ImageObject\",\"inLanguage\":\"de\",\"@id\":\"https:\/\/secure.gravatar.com\/avatar\/cb17ae17ed039f20aaeacb3daf7f9ea86ff832f4f75898d3f4ffe2488d267d7e?s=96&d=mm&r=g\",\"url\":\"https:\/\/secure.gravatar.com\/avatar\/cb17ae17ed039f20aaeacb3daf7f9ea86ff832f4f75898d3f4ffe2488d267d7e?s=96&d=mm&r=g\",\"contentUrl\":\"https:\/\/secure.gravatar.com\/avatar\/cb17ae17ed039f20aaeacb3daf7f9ea86ff832f4f75898d3f4ffe2488d267d7e?s=96&d=mm&r=g\",\"caption\":\"HLB Poland\"}}]}<\/script>\n<!-- \/ Yoast SEO plugin. -->","yoast_head_json":{"title":"Dem Gebrauch eines privaten KFZ der Mitarbeiter | HLB Poland","description":"\u00c4nderung der Verordnung \u00fcber die Voraussetzungen f\u00fcr die Festsetzung und die Art der Erstattung der Kosten f\u00fcr die Benutzung von...","robots":{"index":"index","follow":"follow","max-snippet":"max-snippet:-1","max-image-preview":"max-image-preview:large","max-video-preview":"max-video-preview:-1"},"canonical":"https:\/\/hlb-poland.global\/de\/dem-gebrauch-eines-privaten-kfz-der-mitarbeiter-auch-zu-dienstlichen-zwecken\/","og_locale":"de_DE","og_type":"article","og_title":"Dem Gebrauch eines privaten KFZ der Mitarbeiter | HLB Poland","og_description":"\u00c4nderung der Verordnung \u00fcber die Voraussetzungen f\u00fcr die Festsetzung und die Art der Erstattung der Kosten f\u00fcr die Benutzung von...","og_url":"https:\/\/hlb-poland.global\/de\/dem-gebrauch-eines-privaten-kfz-der-mitarbeiter-auch-zu-dienstlichen-zwecken\/","og_site_name":"HLB Poland","article_publisher":"https:\/\/www.facebook.com\/HLBPoland","article_published_time":"2023-01-20T12:41:26+00:00","article_modified_time":"2024-01-08T14:12:44+00:00","og_image":[{"width":1116,"height":586,"url":"https:\/\/hlb-poland.global\/wp-content\/uploads\/2023\/04\/HLB-Hohere-Aufwendungen-fur-die-Arbeitgeber-verbunden-mit-dem-Gebrauch-eines-privaten-KFZ.jpg","type":"image\/jpeg"}],"author":"HLB Poland","twitter_card":"summary_large_image","twitter_misc":{"Verfasst von":"HLB Poland","Gesch\u00e4tzte Lesezeit":"1\u00a0Minute"},"schema":{"@context":"https:\/\/schema.org","@graph":[{"@type":"Article","@id":"https:\/\/hlb-poland.global\/de\/dem-gebrauch-eines-privaten-kfz-der-mitarbeiter-auch-zu-dienstlichen-zwecken\/#article","isPartOf":{"@id":"https:\/\/hlb-poland.global\/de\/dem-gebrauch-eines-privaten-kfz-der-mitarbeiter-auch-zu-dienstlichen-zwecken\/"},"author":{"name":"HLB Poland","@id":"https:\/\/hlb-poland.global\/#\/schema\/person\/dd881241bc56bb574e03446255354943"},"headline":"Der Gebrauch eines privaten KFZ der Mitarbeiter auch zu dienstlichen Zwecken","datePublished":"2023-01-20T12:41:26+00:00","dateModified":"2024-01-08T14:12:44+00:00","mainEntityOfPage":{"@id":"https:\/\/hlb-poland.global\/de\/dem-gebrauch-eines-privaten-kfz-der-mitarbeiter-auch-zu-dienstlichen-zwecken\/"},"wordCount":306,"publisher":{"@id":"https:\/\/hlb-poland.global\/#organization"},"image":{"@id":"https:\/\/hlb-poland.global\/de\/dem-gebrauch-eines-privaten-kfz-der-mitarbeiter-auch-zu-dienstlichen-zwecken\/#primaryimage"},"thumbnailUrl":"https:\/\/hlb-poland.global\/wp-content\/uploads\/2023\/04\/HLB-Hohere-Aufwendungen-fur-die-Arbeitgeber-verbunden-mit-dem-Gebrauch-eines-privaten-KFZ.jpg","keywords":["2023","Buchhaltungs Dienstleistungen"],"articleSection":["Presseraum"],"inLanguage":"de"},{"@type":"WebPage","@id":"https:\/\/hlb-poland.global\/de\/dem-gebrauch-eines-privaten-kfz-der-mitarbeiter-auch-zu-dienstlichen-zwecken\/","url":"https:\/\/hlb-poland.global\/de\/dem-gebrauch-eines-privaten-kfz-der-mitarbeiter-auch-zu-dienstlichen-zwecken\/","name":"Dem Gebrauch eines privaten KFZ der Mitarbeiter | HLB Poland","isPartOf":{"@id":"https:\/\/hlb-poland.global\/#website"},"primaryImageOfPage":{"@id":"https:\/\/hlb-poland.global\/de\/dem-gebrauch-eines-privaten-kfz-der-mitarbeiter-auch-zu-dienstlichen-zwecken\/#primaryimage"},"image":{"@id":"https:\/\/hlb-poland.global\/de\/dem-gebrauch-eines-privaten-kfz-der-mitarbeiter-auch-zu-dienstlichen-zwecken\/#primaryimage"},"thumbnailUrl":"https:\/\/hlb-poland.global\/wp-content\/uploads\/2023\/04\/HLB-Hohere-Aufwendungen-fur-die-Arbeitgeber-verbunden-mit-dem-Gebrauch-eines-privaten-KFZ.jpg","datePublished":"2023-01-20T12:41:26+00:00","dateModified":"2024-01-08T14:12:44+00:00","description":"\u00c4nderung der Verordnung \u00fcber die Voraussetzungen f\u00fcr die Festsetzung und die Art der Erstattung der Kosten f\u00fcr die Benutzung von...","breadcrumb":{"@id":"https:\/\/hlb-poland.global\/de\/dem-gebrauch-eines-privaten-kfz-der-mitarbeiter-auch-zu-dienstlichen-zwecken\/#breadcrumb"},"inLanguage":"de","potentialAction":[{"@type":"ReadAction","target":["https:\/\/hlb-poland.global\/de\/dem-gebrauch-eines-privaten-kfz-der-mitarbeiter-auch-zu-dienstlichen-zwecken\/"]}]},{"@type":"ImageObject","inLanguage":"de","@id":"https:\/\/hlb-poland.global\/de\/dem-gebrauch-eines-privaten-kfz-der-mitarbeiter-auch-zu-dienstlichen-zwecken\/#primaryimage","url":"https:\/\/hlb-poland.global\/wp-content\/uploads\/2023\/04\/HLB-Hohere-Aufwendungen-fur-die-Arbeitgeber-verbunden-mit-dem-Gebrauch-eines-privaten-KFZ.jpg","contentUrl":"https:\/\/hlb-poland.global\/wp-content\/uploads\/2023\/04\/HLB-Hohere-Aufwendungen-fur-die-Arbeitgeber-verbunden-mit-dem-Gebrauch-eines-privaten-KFZ.jpg","width":1116,"height":586,"caption":"H\u00f6here Aufwendungen f\u00fcr die Arbeitgeber, verbunden mit dem Gebrauch eines privaten KFZ"},{"@type":"BreadcrumbList","@id":"https:\/\/hlb-poland.global\/de\/dem-gebrauch-eines-privaten-kfz-der-mitarbeiter-auch-zu-dienstlichen-zwecken\/#breadcrumb","itemListElement":[{"@type":"ListItem","position":1,"name":"Startseite","item":"https:\/\/hlb-poland.global\/de\/"},{"@type":"ListItem","position":2,"name":"Der Gebrauch eines privaten KFZ der Mitarbeiter auch zu dienstlichen Zwecken"}]},{"@type":"WebSite","@id":"https:\/\/hlb-poland.global\/#website","url":"https:\/\/hlb-poland.global\/","name":"HLB Poland","description":"Advisory and accounting","publisher":{"@id":"https:\/\/hlb-poland.global\/#organization"},"potentialAction":[{"@type":"SearchAction","target":{"@type":"EntryPoint","urlTemplate":"https:\/\/hlb-poland.global\/?s={search_term_string}"},"query-input":{"@type":"PropertyValueSpecification","valueRequired":true,"valueName":"search_term_string"}}],"inLanguage":"de"},{"@type":"Organization","@id":"https:\/\/hlb-poland.global\/#organization","name":"HLB Poland","url":"https:\/\/hlb-poland.global\/","logo":{"@type":"ImageObject","inLanguage":"de","@id":"https:\/\/hlb-poland.global\/#\/schema\/logo\/image\/","url":"https:\/\/hlb-poland.global\/wp-content\/uploads\/2025\/12\/hlb-poland-og-image.png","contentUrl":"https:\/\/hlb-poland.global\/wp-content\/uploads\/2025\/12\/hlb-poland-og-image.png","width":1200,"height":630,"caption":"HLB Poland"},"image":{"@id":"https:\/\/hlb-poland.global\/#\/schema\/logo\/image\/"},"sameAs":["https:\/\/www.facebook.com\/HLBPoland","https:\/\/www.linkedin.com\/company\/hlb-poland"]},{"@type":"Person","@id":"https:\/\/hlb-poland.global\/#\/schema\/person\/dd881241bc56bb574e03446255354943","name":"HLB Poland","image":{"@type":"ImageObject","inLanguage":"de","@id":"https:\/\/secure.gravatar.com\/avatar\/cb17ae17ed039f20aaeacb3daf7f9ea86ff832f4f75898d3f4ffe2488d267d7e?s=96&d=mm&r=g","url":"https:\/\/secure.gravatar.com\/avatar\/cb17ae17ed039f20aaeacb3daf7f9ea86ff832f4f75898d3f4ffe2488d267d7e?s=96&d=mm&r=g","contentUrl":"https:\/\/secure.gravatar.com\/avatar\/cb17ae17ed039f20aaeacb3daf7f9ea86ff832f4f75898d3f4ffe2488d267d7e?s=96&d=mm&r=g","caption":"HLB Poland"}}]}},"_links":{"self":[{"href":"https:\/\/hlb-poland.global\/de\/wp-json\/wp\/v2\/posts\/12297","targetHints":{"allow":["GET"]}}],"collection":[{"href":"https:\/\/hlb-poland.global\/de\/wp-json\/wp\/v2\/posts"}],"about":[{"href":"https:\/\/hlb-poland.global\/de\/wp-json\/wp\/v2\/types\/post"}],"author":[{"embeddable":true,"href":"https:\/\/hlb-poland.global\/de\/wp-json\/wp\/v2\/users\/5"}],"replies":[{"embeddable":true,"href":"https:\/\/hlb-poland.global\/de\/wp-json\/wp\/v2\/comments?post=12297"}],"version-history":[{"count":3,"href":"https:\/\/hlb-poland.global\/de\/wp-json\/wp\/v2\/posts\/12297\/revisions"}],"predecessor-version":[{"id":12973,"href":"https:\/\/hlb-poland.global\/de\/wp-json\/wp\/v2\/posts\/12297\/revisions\/12973"}],"wp:featuredmedia":[{"embeddable":true,"href":"https:\/\/hlb-poland.global\/de\/wp-json\/wp\/v2\/media\/12298"}],"wp:attachment":[{"href":"https:\/\/hlb-poland.global\/de\/wp-json\/wp\/v2\/media?parent=12297"}],"wp:term":[{"taxonomy":"category","embeddable":true,"href":"https:\/\/hlb-poland.global\/de\/wp-json\/wp\/v2\/categories?post=12297"},{"taxonomy":"post_tag","embeddable":true,"href":"https:\/\/hlb-poland.global\/de\/wp-json\/wp\/v2\/tags?post=12297"}],"curies":[{"name":"wp","href":"https:\/\/api.w.org\/{rel}","templated":true}]}}