
{"id":15865,"date":"2024-11-26T10:25:58","date_gmt":"2024-11-26T09:25:58","guid":{"rendered":"https:\/\/hlb-poland.global\/?p=15865"},"modified":"2024-11-26T10:25:58","modified_gmt":"2024-11-26T09:25:58","slug":"podatek-wyrownawczy-od-stycznia-2025","status":"publish","type":"post","link":"https:\/\/hlb-poland.global\/pl\/podatek-wyrownawczy-od-stycznia-2025\/","title":{"rendered":"Podatek wyr\u00f3wnawczy od stycznia 2025"},"content":{"rendered":"<p><img decoding=\"async\" class=\"aligncenter size-full wp-image-7323 global-commitment-globe img-fluid\" style=\"margin-bottom: 50px;\" src=\"https:\/\/hlb-poland.global\/wp-content\/uploads\/2024\/11\/podatek-wyrownawczy-od-stycznia-2025.jpg\" alt=\"Podatek wyr\u00f3wnawczy od stycznia 2025\"\/><br \/>\nOd 1 stycznia 2025 roku zacznie obowi\u0105zywa\u0107 podatek wyr\u00f3wnawczy, wprowadzony na podstawie ustawy przyj\u0119tej przez Sejm i Senat, a podpisanej przez Prezydenta RP 15 listopada 2024 roku. Nowe przepisy maj\u0105 na celu implementacj\u0119 unijnej dyrektywy dotycz\u0105cej globalnego minimalnego opodatkowania oraz dostosowanie polskiego prawa do wytycznych Organizacji Wsp\u00f3\u0142pracy Gospodarczej i Rozwoju (OECD). Kluczowe znaczenie ma tutaj minimalny poziom opodatkowania, kt\u00f3ry ma zapobiega\u0107 sytuacjom, w kt\u00f3rych mi\u0119dzynarodowe grupy kapita\u0142owe osi\u0105gaj\u0105 dochody w jurysdykcjach o niskim poziomie opodatkowania.<\/p>\n<hr\/>\n<h2>Co to jest podatek wyr\u00f3wnawczy?<\/h2>\n<p>Podatek wyr\u00f3wnawczy to mechanizm wprowadzony w celu zapewnienia minimalnego poziomu opodatkowania dochod\u00f3w generowanych przez podmioty nale\u017c\u0105ce do krajowych i mi\u0119dzynarodowych grup kapita\u0142owych. Ma na celu wyr\u00f3wnanie r\u00f3\u017cnic w efektywnych stawkach podatkowych pomi\u0119dzy jurysdykcjami, w kt\u00f3rych dzia\u0142aj\u0105 te grupy. Podatek ten obowi\u0105zuje w przypadku, gdy efektywna stawka podatkowa p\u0142acona przez grup\u0119 w danym kraju jest ni\u017csza ni\u017c ustalony globalnie minimalny poziom wynosz\u0105cy 15%. W takim przypadku brakuj\u0105ca kwota jest dop\u0142acana w kraju, w kt\u00f3rym grupa prowadzi dzia\u0142alno\u015b\u0107.<\/p>\n<p>Mechanizm ten zosta\u0142 zaprojektowany w ramach inicjatywy OECD dotycz\u0105cej filaru II i zaimplementowany w unijnej dyrektywie 2022\/2523. Jego celem jest ograniczenie agresywnej optymalizacji podatkowej oraz zapewnienie bardziej sprawiedliwego podzia\u0142u dochod\u00f3w podatkowych mi\u0119dzy pa\u0144stwami.<\/p>\n<hr\/>\n<h2>Rodzaje podatk\u00f3w wyr\u00f3wnawczych<\/h2>\n<p>W ramach ustawy przewidziano trzy g\u0142\u00f3wne kategorie podatk\u00f3w wyr\u00f3wnawczych:<\/p>\n<ul>\n<li><span class=\"bold\">Kwalifikowany krajowy podatek wyr\u00f3wnawczy<\/span> &#8211; pobierany od dochod\u00f3w zbyt nisko opodatkowanych w Polsce.<\/li>\n<li><span class=\"bold\">Globalny podatek wyr\u00f3wnawczy<\/span> &#8211; pobierany przez polsk\u0105 central\u0119 grupy kapita\u0142owej (lub inn\u0105 polsk\u0105 sp\u00f3\u0142k\u0119, zgodnie z przepisami) od dochod\u00f3w zbyt nisko opodatkowanych w innych krajach.<\/li>\n<li><span class=\"bold\">Podatek wyr\u00f3wnawczy od niedostatecznie opodatkowanych zysk\u00f3w<\/span> &#8211; pobierany przez polsk\u0105 sp\u00f3\u0142k\u0119 nale\u017c\u0105c\u0105 do mi\u0119dzynarodowej grupy kapita\u0142owej, gdy centrala znajduje si\u0119 poza Polsk\u0105, a mechanizmy globalnego podatku minimalnego nie s\u0105 skuteczne.<\/li>\n<\/ul>\n<hr\/>\n<h2>Proces legislacyjny<\/h2>\n<p>Projekt ustawy o opodatkowaniu wyr\u00f3wnawczym zosta\u0142 zaprezentowany 26 kwietnia 2024 roku i od tego czasu przeszed\u0142 szereg modyfikacji w trakcie prac rz\u0105dowych oraz parlamentarnych. Celem tych zmian by\u0142o dostosowanie przepis\u00f3w do wymog\u00f3w Dyrektywy Rady (UE) 2022\/2523 oraz wytycznych OECD, przy jednoczesnym uwzgl\u0119dnieniu specyfiki polskiego systemu podatkowego. Kluczowym elementem polskiej implementacji jest wprowadzenie krajowego podatku wyr\u00f3wnawczego, obliczanego na podstawie krajowych standard\u00f3w rachunkowo\u015bci, kt\u00f3ry ma zapewni\u0107 minimalny poziom opodatkowania dochod\u00f3w polskich podmiot\u00f3w.<\/p>\n<p>Nowe przepisy, skierowane g\u0142\u00f3wnie do grup kapita\u0142owych o skonsolidowanych przychodach przekraczaj\u0105cych 750 mln EUR, przewiduj\u0105 tak\u017ce mechanizmy \u0142agodz\u0105ce, takie jak \u201ebezpieczne przystanie\u201d i pomniejszenia zwi\u0105zane z charakterystyk\u0105 maj\u0105tku i dzia\u0142alno\u015bci grupy. Regulacje maj\u0105 wej\u015b\u0107 w \u017cycie 1 stycznia 2025 roku, z mo\u017cliwo\u015bci\u0105 ich dobrowolnego zastosowania od 1 stycznia 2024 roku. Przyspieszenie prac legislacyjnych by\u0142o konieczne z uwagi na procedur\u0119 naruszenia wszcz\u0119t\u0105 przez Komisj\u0119 Europejsk\u0105 za niedope\u0142nienie terminu implementacji do ko\u0144ca 2023 roku. Ustawa zosta\u0142a podpisana przez Prezydenta RP Andrzeja Dud\u0119 15 listopada 2024 roku.  <\/p>\n<hr\/>\n<h2>Skutki nowych przepis\u00f3w dla polskich sp\u00f3\u0142ek<\/h2>\n<p>Zgodnie z nowymi przepisami, opodatkowanie wyr\u00f3wnawcze dotyczy jednostek sk\u0142adowych grup mi\u0119dzynarodowych i krajowych, kt\u00f3re w co najmniej dw\u00f3ch z czterech lat podatkowych poprzedzaj\u0105cych dany rok osi\u0105gn\u0119\u0142y skonsolidowane przychody grupy na poziomie co najmniej 750 mln euro. Grupa mi\u0119dzynarodowa to taka, kt\u00f3ra posiada jednostk\u0119 lub zak\u0142ad poza Polsk\u0105, natomiast grupa krajowa obejmuje wy\u0142\u0105cznie jednostki zlokalizowane na terytorium Polski.<\/p>\n<p>Sp\u00f3\u0142ki te b\u0119d\u0105 zobowi\u0105zane do obliczenia swojego dochodu i zap\u0142aconych podatk\u00f3w na podstawie zasad okre\u015blonych w ustawie. Na tej podstawie nale\u017cy przeprowadzi\u0107 test efektywnej stawki podatkowej (ETR). Je\u015bli efektywna stawka opodatkowania sp\u00f3\u0142ki b\u0119dzie wynosi\u0107 mniej ni\u017c 15%, przedsi\u0119biorstwo b\u0119dzie zobowi\u0105zane do zap\u0142acenia podatku wyr\u00f3wnawczego. W praktyce oznacza to konieczno\u015b\u0107 analizy struktur podatkowych oraz dok\u0142adnego raportowania dochod\u00f3w i podatk\u00f3w zgodnie z nowymi regulacjami. Wiceminister finans\u00f3w Jaros\u0142aw Neneman poinformowa\u0142, \u017ce szacuje si\u0119, i\u017c nowe przepisy obejm\u0105 oko\u0142o 7 tys. polskich firm nale\u017c\u0105cych do du\u017cych grup kapita\u0142owych.<\/p>\n<hr\/>\n<p><span class=\"bold\">Podstawa prawna:<\/span><\/p>\n<ul>\n<li><a href=\"https:\/\/isap.sejm.gov.pl\/isap.nsf\/DocDetails.xsp?id=WDU20240001685\" class=\"link\">Ustawa z dnia 6 listopada 2024 r. o opodatkowaniu wyr\u00f3wnawczym jednostek sk\u0142adowych grup mi\u0119dzynarodowych i krajowych (Dz.U. 2024 poz. 1685)<\/a><\/li>\n<li><a href=\"https:\/\/eur-lex.europa.eu\/legal-content\/PL\/TXT\/?uri=CELEX%3A02022L2523-20221222\" class=\"link\">Dyrektywa Rady (UE) 2022\/2523 z dnia 15 grudnia 2022 r. w sprawie zapewnienia globalnego minimalnego poziomu opodatkowania mi\u0119dzynarodowych grup przedsi\u0119biorstw oraz du\u017cych grup krajowych w Unii<\/a><\/li>\n<\/ul>\n","protected":false},"excerpt":{"rendered":"<p>Od 1 stycznia 2025 roku zacznie obowi\u0105zywa\u0107 podatek wyr\u00f3wnawczy, wprowadzony na podstawie ustawy przyj\u0119tej przez Sejm i Senat, a podpisanej..<\/p>\n<div class=\"clear\"><\/div><a class=\"more-link\" href=\"https:\/\/hlb-poland.global\/pl\/podatek-wyrownawczy-od-stycznia-2025\/\"> Dowiedz si\u0119 wi\u0119cej <\/a>","protected":false},"author":4,"featured_media":15866,"comment_status":"open","ping_status":"closed","sticky":false,"template":"press-room-with-footer.php","format":"standard","meta":{"_acf_changed":false,"footnotes":""},"categories":[250],"tags":[1354,1175,1192],"class_list":["post-15865","post","type-post","status-publish","format-standard","has-post-thumbnail","hentry","category-informacje-prasowe","tag-2024-pl","tag-doradztwo-podatkowe","tag-prawo-podatkowe"],"acf":[],"yoast_head":"<!-- This site is optimized with the Yoast SEO plugin v27.2 - https:\/\/yoast.com\/product\/yoast-seo-wordpress\/ -->\n<title>Podatek wyr\u00f3wnawczy od stycznia 2025<\/title>\n<meta name=\"description\" content=\"Od 1 stycznia 2025 roku zacznie obowi\u0105zywa\u0107 podatek wyr\u00f3wnawczy, wprowadzony na podstawie ustawy przyj\u0119tej przez Sejm i Senat, a podpisanej przez...\" \/>\n<meta name=\"robots\" content=\"index, follow, max-snippet:-1, max-image-preview:large, max-video-preview:-1\" \/>\n<link rel=\"canonical\" href=\"https:\/\/hlb-poland.global\/pl\/podatek-wyrownawczy-od-stycznia-2025\/\" \/>\n<meta property=\"og:locale\" content=\"pl_PL\" \/>\n<meta property=\"og:type\" content=\"article\" \/>\n<meta property=\"og:title\" content=\"Podatek wyr\u00f3wnawczy od stycznia 2025\" \/>\n<meta property=\"og:description\" content=\"Od 1 stycznia 2025 roku zacznie obowi\u0105zywa\u0107 podatek wyr\u00f3wnawczy, wprowadzony na podstawie ustawy przyj\u0119tej przez Sejm i Senat, a podpisanej przez...\" \/>\n<meta property=\"og:url\" content=\"https:\/\/hlb-poland.global\/pl\/podatek-wyrownawczy-od-stycznia-2025\/\" \/>\n<meta property=\"og:site_name\" content=\"HLB Poland\" \/>\n<meta property=\"article:publisher\" content=\"https:\/\/www.facebook.com\/HLBPoland\" \/>\n<meta property=\"article:published_time\" content=\"2024-11-26T09:25:58+00:00\" \/>\n<meta property=\"og:image\" content=\"https:\/\/hlb-poland.global\/wp-content\/uploads\/2024\/11\/podatek-wyrownawczy-od-stycznia-2025.jpg\" \/>\n\t<meta property=\"og:image:width\" content=\"1116\" \/>\n\t<meta property=\"og:image:height\" content=\"586\" \/>\n\t<meta property=\"og:image:type\" content=\"image\/jpeg\" \/>\n<meta name=\"author\" content=\"HLB Poland\" \/>\n<meta name=\"twitter:card\" content=\"summary_large_image\" \/>\n<meta name=\"twitter:label1\" content=\"Napisane przez\" \/>\n\t<meta name=\"twitter:data1\" content=\"HLB Poland\" \/>\n\t<meta name=\"twitter:label2\" content=\"Szacowany czas czytania\" \/>\n\t<meta name=\"twitter:data2\" content=\"1 minuta\" \/>\n<script type=\"application\/ld+json\" class=\"yoast-schema-graph\">{\"@context\":\"https:\/\/schema.org\",\"@graph\":[{\"@type\":\"Article\",\"@id\":\"https:\/\/hlb-poland.global\/pl\/podatek-wyrownawczy-od-stycznia-2025\/#article\",\"isPartOf\":{\"@id\":\"https:\/\/hlb-poland.global\/pl\/podatek-wyrownawczy-od-stycznia-2025\/\"},\"author\":{\"name\":\"HLB Poland\",\"@id\":\"https:\/\/hlb-poland.global\/#\/schema\/person\/ea4195936503cebcda5018abaa3182f0\"},\"headline\":\"Podatek wyr\u00f3wnawczy od stycznia 2025\",\"datePublished\":\"2024-11-26T09:25:58+00:00\",\"mainEntityOfPage\":{\"@id\":\"https:\/\/hlb-poland.global\/pl\/podatek-wyrownawczy-od-stycznia-2025\/\"},\"wordCount\":722,\"commentCount\":0,\"publisher\":{\"@id\":\"https:\/\/hlb-poland.global\/#organization\"},\"image\":{\"@id\":\"https:\/\/hlb-poland.global\/pl\/podatek-wyrownawczy-od-stycznia-2025\/#primaryimage\"},\"thumbnailUrl\":\"https:\/\/hlb-poland.global\/wp-content\/uploads\/2024\/11\/podatek-wyrownawczy-od-stycznia-2025.jpg\",\"keywords\":[\"2024\",\"Doradztwo podatkowe\",\"Prawo podatkowe\"],\"articleSection\":[\"Informacje prasowe od HLB Poland\"],\"inLanguage\":\"pl-PL\",\"potentialAction\":[{\"@type\":\"CommentAction\",\"name\":\"Comment\",\"target\":[\"https:\/\/hlb-poland.global\/pl\/podatek-wyrownawczy-od-stycznia-2025\/#respond\"]}]},{\"@type\":\"WebPage\",\"@id\":\"https:\/\/hlb-poland.global\/pl\/podatek-wyrownawczy-od-stycznia-2025\/\",\"url\":\"https:\/\/hlb-poland.global\/pl\/podatek-wyrownawczy-od-stycznia-2025\/\",\"name\":\"Podatek wyr\u00f3wnawczy od stycznia 2025\",\"isPartOf\":{\"@id\":\"https:\/\/hlb-poland.global\/#website\"},\"primaryImageOfPage\":{\"@id\":\"https:\/\/hlb-poland.global\/pl\/podatek-wyrownawczy-od-stycznia-2025\/#primaryimage\"},\"image\":{\"@id\":\"https:\/\/hlb-poland.global\/pl\/podatek-wyrownawczy-od-stycznia-2025\/#primaryimage\"},\"thumbnailUrl\":\"https:\/\/hlb-poland.global\/wp-content\/uploads\/2024\/11\/podatek-wyrownawczy-od-stycznia-2025.jpg\",\"datePublished\":\"2024-11-26T09:25:58+00:00\",\"description\":\"Od 1 stycznia 2025 roku zacznie obowi\u0105zywa\u0107 podatek wyr\u00f3wnawczy, wprowadzony na podstawie ustawy przyj\u0119tej przez Sejm i Senat, a podpisanej przez...\",\"breadcrumb\":{\"@id\":\"https:\/\/hlb-poland.global\/pl\/podatek-wyrownawczy-od-stycznia-2025\/#breadcrumb\"},\"inLanguage\":\"pl-PL\",\"potentialAction\":[{\"@type\":\"ReadAction\",\"target\":[\"https:\/\/hlb-poland.global\/pl\/podatek-wyrownawczy-od-stycznia-2025\/\"]}]},{\"@type\":\"ImageObject\",\"inLanguage\":\"pl-PL\",\"@id\":\"https:\/\/hlb-poland.global\/pl\/podatek-wyrownawczy-od-stycznia-2025\/#primaryimage\",\"url\":\"https:\/\/hlb-poland.global\/wp-content\/uploads\/2024\/11\/podatek-wyrownawczy-od-stycznia-2025.jpg\",\"contentUrl\":\"https:\/\/hlb-poland.global\/wp-content\/uploads\/2024\/11\/podatek-wyrownawczy-od-stycznia-2025.jpg\",\"width\":1116,\"height\":586,\"caption\":\"Podatek wyr\u00f3wnawczy od stycznia 2025\"},{\"@type\":\"BreadcrumbList\",\"@id\":\"https:\/\/hlb-poland.global\/pl\/podatek-wyrownawczy-od-stycznia-2025\/#breadcrumb\",\"itemListElement\":[{\"@type\":\"ListItem\",\"position\":1,\"name\":\"Strona g\u0142\u00f3wna\",\"item\":\"https:\/\/hlb-poland.global\/pl\/\"},{\"@type\":\"ListItem\",\"position\":2,\"name\":\"Podatek wyr\u00f3wnawczy od stycznia 2025\"}]},{\"@type\":\"WebSite\",\"@id\":\"https:\/\/hlb-poland.global\/#website\",\"url\":\"https:\/\/hlb-poland.global\/\",\"name\":\"HLB Poland\",\"description\":\"Advisory and accounting\",\"publisher\":{\"@id\":\"https:\/\/hlb-poland.global\/#organization\"},\"potentialAction\":[{\"@type\":\"SearchAction\",\"target\":{\"@type\":\"EntryPoint\",\"urlTemplate\":\"https:\/\/hlb-poland.global\/?s={search_term_string}\"},\"query-input\":{\"@type\":\"PropertyValueSpecification\",\"valueRequired\":true,\"valueName\":\"search_term_string\"}}],\"inLanguage\":\"pl-PL\"},{\"@type\":\"Organization\",\"@id\":\"https:\/\/hlb-poland.global\/#organization\",\"name\":\"HLB Poland\",\"url\":\"https:\/\/hlb-poland.global\/\",\"logo\":{\"@type\":\"ImageObject\",\"inLanguage\":\"pl-PL\",\"@id\":\"https:\/\/hlb-poland.global\/#\/schema\/logo\/image\/\",\"url\":\"https:\/\/hlb-poland.global\/wp-content\/uploads\/2025\/12\/hlb-poland-og-image.png\",\"contentUrl\":\"https:\/\/hlb-poland.global\/wp-content\/uploads\/2025\/12\/hlb-poland-og-image.png\",\"width\":1200,\"height\":630,\"caption\":\"HLB Poland\"},\"image\":{\"@id\":\"https:\/\/hlb-poland.global\/#\/schema\/logo\/image\/\"},\"sameAs\":[\"https:\/\/www.facebook.com\/HLBPoland\",\"https:\/\/www.linkedin.com\/company\/hlb-poland\"]},{\"@type\":\"Person\",\"@id\":\"https:\/\/hlb-poland.global\/#\/schema\/person\/ea4195936503cebcda5018abaa3182f0\",\"name\":\"HLB Poland\",\"image\":{\"@type\":\"ImageObject\",\"inLanguage\":\"pl-PL\",\"@id\":\"https:\/\/secure.gravatar.com\/avatar\/f8c08eab88f3884687a4b0931b327fb8fd9e8fbde701da5573e0899fac7b0180?s=96&d=mm&r=g\",\"url\":\"https:\/\/secure.gravatar.com\/avatar\/f8c08eab88f3884687a4b0931b327fb8fd9e8fbde701da5573e0899fac7b0180?s=96&d=mm&r=g\",\"contentUrl\":\"https:\/\/secure.gravatar.com\/avatar\/f8c08eab88f3884687a4b0931b327fb8fd9e8fbde701da5573e0899fac7b0180?s=96&d=mm&r=g\",\"caption\":\"HLB Poland\"}}]}<\/script>\n<!-- \/ Yoast SEO plugin. -->","yoast_head_json":{"title":"Podatek wyr\u00f3wnawczy od stycznia 2025","description":"Od 1 stycznia 2025 roku zacznie obowi\u0105zywa\u0107 podatek wyr\u00f3wnawczy, wprowadzony na podstawie ustawy przyj\u0119tej przez Sejm i Senat, a podpisanej przez...","robots":{"index":"index","follow":"follow","max-snippet":"max-snippet:-1","max-image-preview":"max-image-preview:large","max-video-preview":"max-video-preview:-1"},"canonical":"https:\/\/hlb-poland.global\/pl\/podatek-wyrownawczy-od-stycznia-2025\/","og_locale":"pl_PL","og_type":"article","og_title":"Podatek wyr\u00f3wnawczy od stycznia 2025","og_description":"Od 1 stycznia 2025 roku zacznie obowi\u0105zywa\u0107 podatek wyr\u00f3wnawczy, wprowadzony na podstawie ustawy przyj\u0119tej przez Sejm i Senat, a podpisanej przez...","og_url":"https:\/\/hlb-poland.global\/pl\/podatek-wyrownawczy-od-stycznia-2025\/","og_site_name":"HLB Poland","article_publisher":"https:\/\/www.facebook.com\/HLBPoland","article_published_time":"2024-11-26T09:25:58+00:00","og_image":[{"width":1116,"height":586,"url":"https:\/\/hlb-poland.global\/wp-content\/uploads\/2024\/11\/podatek-wyrownawczy-od-stycznia-2025.jpg","type":"image\/jpeg"}],"author":"HLB Poland","twitter_card":"summary_large_image","twitter_misc":{"Napisane przez":"HLB Poland","Szacowany czas czytania":"1 minuta"},"schema":{"@context":"https:\/\/schema.org","@graph":[{"@type":"Article","@id":"https:\/\/hlb-poland.global\/pl\/podatek-wyrownawczy-od-stycznia-2025\/#article","isPartOf":{"@id":"https:\/\/hlb-poland.global\/pl\/podatek-wyrownawczy-od-stycznia-2025\/"},"author":{"name":"HLB Poland","@id":"https:\/\/hlb-poland.global\/#\/schema\/person\/ea4195936503cebcda5018abaa3182f0"},"headline":"Podatek wyr\u00f3wnawczy od stycznia 2025","datePublished":"2024-11-26T09:25:58+00:00","mainEntityOfPage":{"@id":"https:\/\/hlb-poland.global\/pl\/podatek-wyrownawczy-od-stycznia-2025\/"},"wordCount":722,"commentCount":0,"publisher":{"@id":"https:\/\/hlb-poland.global\/#organization"},"image":{"@id":"https:\/\/hlb-poland.global\/pl\/podatek-wyrownawczy-od-stycznia-2025\/#primaryimage"},"thumbnailUrl":"https:\/\/hlb-poland.global\/wp-content\/uploads\/2024\/11\/podatek-wyrownawczy-od-stycznia-2025.jpg","keywords":["2024","Doradztwo podatkowe","Prawo podatkowe"],"articleSection":["Informacje prasowe od HLB Poland"],"inLanguage":"pl-PL","potentialAction":[{"@type":"CommentAction","name":"Comment","target":["https:\/\/hlb-poland.global\/pl\/podatek-wyrownawczy-od-stycznia-2025\/#respond"]}]},{"@type":"WebPage","@id":"https:\/\/hlb-poland.global\/pl\/podatek-wyrownawczy-od-stycznia-2025\/","url":"https:\/\/hlb-poland.global\/pl\/podatek-wyrownawczy-od-stycznia-2025\/","name":"Podatek wyr\u00f3wnawczy od stycznia 2025","isPartOf":{"@id":"https:\/\/hlb-poland.global\/#website"},"primaryImageOfPage":{"@id":"https:\/\/hlb-poland.global\/pl\/podatek-wyrownawczy-od-stycznia-2025\/#primaryimage"},"image":{"@id":"https:\/\/hlb-poland.global\/pl\/podatek-wyrownawczy-od-stycznia-2025\/#primaryimage"},"thumbnailUrl":"https:\/\/hlb-poland.global\/wp-content\/uploads\/2024\/11\/podatek-wyrownawczy-od-stycznia-2025.jpg","datePublished":"2024-11-26T09:25:58+00:00","description":"Od 1 stycznia 2025 roku zacznie obowi\u0105zywa\u0107 podatek wyr\u00f3wnawczy, wprowadzony na podstawie ustawy przyj\u0119tej przez Sejm i Senat, a podpisanej przez...","breadcrumb":{"@id":"https:\/\/hlb-poland.global\/pl\/podatek-wyrownawczy-od-stycznia-2025\/#breadcrumb"},"inLanguage":"pl-PL","potentialAction":[{"@type":"ReadAction","target":["https:\/\/hlb-poland.global\/pl\/podatek-wyrownawczy-od-stycznia-2025\/"]}]},{"@type":"ImageObject","inLanguage":"pl-PL","@id":"https:\/\/hlb-poland.global\/pl\/podatek-wyrownawczy-od-stycznia-2025\/#primaryimage","url":"https:\/\/hlb-poland.global\/wp-content\/uploads\/2024\/11\/podatek-wyrownawczy-od-stycznia-2025.jpg","contentUrl":"https:\/\/hlb-poland.global\/wp-content\/uploads\/2024\/11\/podatek-wyrownawczy-od-stycznia-2025.jpg","width":1116,"height":586,"caption":"Podatek wyr\u00f3wnawczy od stycznia 2025"},{"@type":"BreadcrumbList","@id":"https:\/\/hlb-poland.global\/pl\/podatek-wyrownawczy-od-stycznia-2025\/#breadcrumb","itemListElement":[{"@type":"ListItem","position":1,"name":"Strona g\u0142\u00f3wna","item":"https:\/\/hlb-poland.global\/pl\/"},{"@type":"ListItem","position":2,"name":"Podatek wyr\u00f3wnawczy od stycznia 2025"}]},{"@type":"WebSite","@id":"https:\/\/hlb-poland.global\/#website","url":"https:\/\/hlb-poland.global\/","name":"HLB Poland","description":"Advisory and accounting","publisher":{"@id":"https:\/\/hlb-poland.global\/#organization"},"potentialAction":[{"@type":"SearchAction","target":{"@type":"EntryPoint","urlTemplate":"https:\/\/hlb-poland.global\/?s={search_term_string}"},"query-input":{"@type":"PropertyValueSpecification","valueRequired":true,"valueName":"search_term_string"}}],"inLanguage":"pl-PL"},{"@type":"Organization","@id":"https:\/\/hlb-poland.global\/#organization","name":"HLB Poland","url":"https:\/\/hlb-poland.global\/","logo":{"@type":"ImageObject","inLanguage":"pl-PL","@id":"https:\/\/hlb-poland.global\/#\/schema\/logo\/image\/","url":"https:\/\/hlb-poland.global\/wp-content\/uploads\/2025\/12\/hlb-poland-og-image.png","contentUrl":"https:\/\/hlb-poland.global\/wp-content\/uploads\/2025\/12\/hlb-poland-og-image.png","width":1200,"height":630,"caption":"HLB Poland"},"image":{"@id":"https:\/\/hlb-poland.global\/#\/schema\/logo\/image\/"},"sameAs":["https:\/\/www.facebook.com\/HLBPoland","https:\/\/www.linkedin.com\/company\/hlb-poland"]},{"@type":"Person","@id":"https:\/\/hlb-poland.global\/#\/schema\/person\/ea4195936503cebcda5018abaa3182f0","name":"HLB Poland","image":{"@type":"ImageObject","inLanguage":"pl-PL","@id":"https:\/\/secure.gravatar.com\/avatar\/f8c08eab88f3884687a4b0931b327fb8fd9e8fbde701da5573e0899fac7b0180?s=96&d=mm&r=g","url":"https:\/\/secure.gravatar.com\/avatar\/f8c08eab88f3884687a4b0931b327fb8fd9e8fbde701da5573e0899fac7b0180?s=96&d=mm&r=g","contentUrl":"https:\/\/secure.gravatar.com\/avatar\/f8c08eab88f3884687a4b0931b327fb8fd9e8fbde701da5573e0899fac7b0180?s=96&d=mm&r=g","caption":"HLB Poland"}}]}},"_links":{"self":[{"href":"https:\/\/hlb-poland.global\/pl\/wp-json\/wp\/v2\/posts\/15865","targetHints":{"allow":["GET"]}}],"collection":[{"href":"https:\/\/hlb-poland.global\/pl\/wp-json\/wp\/v2\/posts"}],"about":[{"href":"https:\/\/hlb-poland.global\/pl\/wp-json\/wp\/v2\/types\/post"}],"author":[{"embeddable":true,"href":"https:\/\/hlb-poland.global\/pl\/wp-json\/wp\/v2\/users\/4"}],"replies":[{"embeddable":true,"href":"https:\/\/hlb-poland.global\/pl\/wp-json\/wp\/v2\/comments?post=15865"}],"version-history":[{"count":1,"href":"https:\/\/hlb-poland.global\/pl\/wp-json\/wp\/v2\/posts\/15865\/revisions"}],"predecessor-version":[{"id":15869,"href":"https:\/\/hlb-poland.global\/pl\/wp-json\/wp\/v2\/posts\/15865\/revisions\/15869"}],"wp:featuredmedia":[{"embeddable":true,"href":"https:\/\/hlb-poland.global\/pl\/wp-json\/wp\/v2\/media\/15866"}],"wp:attachment":[{"href":"https:\/\/hlb-poland.global\/pl\/wp-json\/wp\/v2\/media?parent=15865"}],"wp:term":[{"taxonomy":"category","embeddable":true,"href":"https:\/\/hlb-poland.global\/pl\/wp-json\/wp\/v2\/categories?post=15865"},{"taxonomy":"post_tag","embeddable":true,"href":"https:\/\/hlb-poland.global\/pl\/wp-json\/wp\/v2\/tags?post=15865"}],"curies":[{"name":"wp","href":"https:\/\/api.w.org\/{rel}","templated":true}]}}