
{"id":15913,"date":"2024-12-04T12:48:10","date_gmt":"2024-12-04T11:48:10","guid":{"rendered":"https:\/\/hlb-poland.global\/?p=15913"},"modified":"2024-12-04T12:48:10","modified_gmt":"2024-12-04T11:48:10","slug":"w-idnr-nowy-numer-identyfikacyjny-dla-przedsiebiorcow-w-niemczech","status":"publish","type":"post","link":"https:\/\/hlb-poland.global\/pl\/w-idnr-nowy-numer-identyfikacyjny-dla-przedsiebiorcow-w-niemczech\/","title":{"rendered":"W-IdNr. \u2013 Nowy numer identyfikacyjny dla przedsi\u0119biorc\u00f3w w Niemczech"},"content":{"rendered":"<p><img decoding=\"async\" class=\"aligncenter size-full wp-image-7323 global-commitment-globe img-fluid\" style=\"margin-bottom: 50px;\" src=\"https:\/\/hlb-poland.global\/wp-content\/uploads\/2024\/12\/widnr-nowy-numer-identyfikacyjny-dla-przedsiebiorcow-w-niemczech.jpg\" alt=\"W-IdNr. \u2013 Nowy numer identyfikacyjny dla przedsi\u0119biorc\u00f3w w Niemczech\"\/><br \/>\nW Niemczech rozpocz\u0119to wdra\u017canie nowego numeru identyfikacyjnego dla os\u00f3b prowadz\u0105cych dzia\u0142alno\u015b\u0107 gospodarcz\u0105 \u2013 W-IdNr. (Wirtschafts-Identifikationsnummer). Jest to znacz\u0105ca zmiana w systemie podatkowym i administracyjnym, kt\u00f3ra ma na celu uproszczenie procedur identyfikacyjnych w procesach podatkowych oraz usprawnienie komunikacji mi\u0119dzy przedsi\u0119biorcami a organami administracyjnymi. Proces ten zainicjowano 24 pa\u017adziernika 2024 roku, a jego zako\u0144czenie planowane jest na 2026 rok. Wprowadzenie W-IdNr. pozwoli na jednoznaczn\u0105 identyfikacj\u0119 wszystkich podmiot\u00f3w gospodarczych w Niemczech.<\/p>\n<hr\/>\n<h2>Czym jest W-IdNr.?<\/h2>\n<p>W-IdNr. to unikalny numer identyfikacyjny przypisywany osobom i podmiotom prowadz\u0105cym dzia\u0142alno\u015b\u0107 gospodarcz\u0105 w Niemczech. Dotyczy to zar\u00f3wno os\u00f3b fizycznych prowadz\u0105cych dzia\u0142alno\u015b\u0107 jako przedsi\u0119biorcy lub samozatrudnieni, jak i os\u00f3b prawnych oraz jednostek organizacyjnych, takich jak sp\u00f3\u0142ki czy stowarzyszenia. W przeciwie\u0144stwie do dotychczasowego numeru identyfikacji podatkowej Umsatzsteuer-ID (USt-IdNr.), kt\u00f3ry jest odpowiednikiem polskiego VAT UE i wymagany jest w przypadku prowadzenia transakcji wewn\u0105trzwsp\u00f3lnotowych, W-IdNr. jest nadawany wszystkim przedsi\u0119biorcom, niezale\u017cnie od tego, czy ich dzia\u0142alno\u015b\u0107 obejmuje transakcje mi\u0119dzynarodowe.<\/p>\n<p>Numer W-IdNr. sk\u0142ada si\u0119 z prefiksu \u201eDE\u201d, dziewi\u0119ciu cyfr oraz dodatkowego pi\u0119ciocyfrowego elementu rozr\u00f3\u017cniaj\u0105cego (U-Merkmal), kt\u00f3ry umo\u017cliwia przypisanie r\u00f3\u017cnych rodzaj\u00f3w dzia\u0142alno\u015bci do jednego podmiotu. Na przyk\u0142ad pierwszy numer przypisany danemu przedsi\u0119biorcy zawiera ko\u0144c\u00f3wk\u0119 \u201e-00001\u201d.<\/p>\n<hr\/>\n<h2>R\u00f3\u017cnica mi\u0119dzy W-IdNr. a USt-IdNr.<\/h2>\n<p>Podczas gdy USt-IdNr. s\u0142u\u017cy g\u0142\u00f3wnie do cel\u00f3w zwi\u0105zanych z podatkiem VAT w transakcjach wewn\u0105trzwsp\u00f3lnotowych, W-IdNr. obejmuje szersze spektrum zastosowa\u0144 administracyjnych i podatkowych. Przedsi\u0119biorcy posiadaj\u0105cy ju\u017c USt-IdNr. nie musz\u0105 si\u0119 martwi\u0107 o jej utrat\u0119 \u2013 ich dotychczasowy numer VAT staje si\u0119 cz\u0119\u015bci\u0105 W-IdNr. poprzez dodanie wspomnianego elementu rozr\u00f3\u017cniaj\u0105cego.<\/p>\n<p>Warto jednak podkre\u015bli\u0107, \u017ce wprowadzenie W-IdNr. nie zast\u0119puje konieczno\u015bci ubiegania si\u0119 o USt-IdNr. przez podmioty prowadz\u0105ce dzia\u0142alno\u015b\u0107 wewn\u0105trzwsp\u00f3lnotow\u0105. Otrzymanie W-IdNr. odbywa si\u0119 automatycznie, natomiast numer VAT wci\u0105\u017c wymaga osobnego wniosku do Federalnego Centralnego Urz\u0119du Podatkowego (BZSt).<\/p>\n<hr\/>\n<h2>Proces wdra\u017cania W-IdNr.<\/h2>\n<p>Wdro\u017cenie W-IdNr. zaplanowano w kilku etapach:<\/p>\n<ol>\n<li><span class=\"bold\">Etap pierwszy<\/span> \u2013 od pa\u017adziernika 2024 do listopada 2024:<\/li>\n<p>W tym okresie numer W-IdNr. zosta\u0142 przypisany przedsi\u0119biorcom, kt\u00f3rzy do tej pory posiadali USt-IdNr., w tym tak\u017ce ma\u0142ym przedsi\u0119biorcom. <\/p>\n<li><span class=\"bold\">Etap drugi<\/span> \u2013 do ko\u0144ca trzeciego kwarta\u0142u 2025:<\/li>\n<p>W tym etapie planowane jest nadanie numeru kolejnym 11% podmiot\u00f3w gospodarczych, kt\u00f3re nie zosta\u0142y uwzgl\u0119dnione w pierwszym etapie.<\/p>\n<li><span class=\"bold\">Etap trzeci<\/span> \u2013 od drugiego kwarta\u0142u 2026:<\/li>\n<p>W ostatniej fazie przydzielane b\u0119d\u0105 numery W-IdNr. dla pozosta\u0142ych podmiot\u00f3w oraz dodatkowe elementy rozr\u00f3\u017cniaj\u0105ce dla przedsi\u0119biorstw prowadz\u0105cych wi\u0119cej ni\u017c jedn\u0105 dzia\u0142alno\u015b\u0107 lub posiadaj\u0105cych oddzia\u0142y.<\/ol>\n<p>Pe\u0142ne wdro\u017cenie numeru W-IdNr., w tym jego praktyczne zastosowanie jako g\u0142\u00f3wnego kryterium identyfikacyjnego w administracji podatkowej, b\u0119dzie mo\u017cliwe dopiero po zako\u0144czeniu tego procesu.<\/p>\n<hr\/>\n<h2>Powiadomienia o nadaniu W-IdNr.<\/h2>\n<p>Przedsi\u0119biorcy zostan\u0105 poinformowani o przydzieleniu numeru W-IdNr. w jeden z dw\u00f3ch sposob\u00f3w:<\/p>\n<ul>\n<li><span class=\"bold\">Przez publiczne og\u0142oszenie:<\/span><\/li>\n<p>Osoby i podmioty, kt\u00f3re do 30 listopada 2024 roku posiada\u0142y USt-IdNr., zosta\u0142y poinformowane o swoim numerze W-IdNr. w publicznym og\u0142oszeniu dost\u0119pnym r\u00f3wnie\u017c na <a href=\"https:\/\/www.bzst.de\/DE\/Unternehmen\/Identifikationsnummern\/Wirtschafts-Identifikationsnummer\/wirtschaftsidentifikationsnummer_node.html\" class=\"link\">stronie internetowej Federalnego Centralnego Urz\u0119du Podatkowego<\/a>. <\/p>\n<li><span class=\"bold\">Przez konto ELSTER:<\/span><\/li>\n<p>Pozostali przedsi\u0119biorcy otrzymaj\u0105 swoje numery W-IdNr. elektronicznie za po\u015brednictwem konta ELSTER.<\/ul>\n<p>Dla os\u00f3b, kt\u00f3re w wyj\u0105tkowych przypadkach nie maj\u0105 dost\u0119pu do ELSTER, przewidziano mo\u017cliwo\u015b\u0107 z\u0142o\u017cenia wniosku o przes\u0142anie numeru poczt\u0105. Procedura ta b\u0119dzie jednak dost\u0119pna dopiero po zako\u0144czeniu pe\u0142nego procesu nadawania numer\u00f3w w 2026 roku.<\/p>\n<hr\/>\n<h2>Zastosowanie W-IdNr.<\/h2>\n<p>Numer W-IdNr. ma na celu u\u0142atwienie identyfikacji podmiot\u00f3w gospodarczych w r\u00f3\u017cnych procedurach administracyjnych i podatkowych. Dzi\u0119ki jego wprowadzeniu mo\u017cliwe b\u0119dzie:<\/p>\n<ul>\n<li>lepsze przypisywanie danych podatkowych do konkretnych przedsi\u0119biorc\u00f3w,<\/li>\n<li>uproszczenie komunikacji z urz\u0119dami,<\/li>\n<li>integracja numeru W-IdNr. z innymi rejestrami, takimi jak rejestr podstawowych danych przedsi\u0119biorstw (Statistisches Unternehmensregister) prowadzony przez Federalny Urz\u0105d Statystyczny w Niemczech.<\/li>\n<\/ul>\n<hr\/>\n<h2>Znaczenie dla przedsi\u0119biorc\u00f3w<\/h2>\n<p>Wprowadzenie W-IdNr. to krok w stron\u0119 modernizacji niemieckiego systemu administracyjnego. Przedsi\u0119biorcy, niezale\u017cnie od rodzaju prowadzonej dzia\u0142alno\u015bci, powinni by\u0107 \u015bwiadomi nowych obowi\u0105zk\u00f3w oraz mo\u017cliwo\u015bci wynikaj\u0105cych z posiadania tego numeru. Chocia\u017c na obecnym etapie podanie W-IdNr. w formularzach podatkowych jest opcjonalne, w przysz\u0142o\u015bci mo\u017ce to sta\u0107 si\u0119 standardem.<\/p>\n<p>Dzi\u0119ki W-IdNr. niemiecki system podatkowy stanie si\u0119 bardziej przejrzysty, a identyfikacja przedsi\u0119biorc\u00f3w w procesach administracyjnych znacznie \u0142atwiejsza, co powinno przynie\u015b\u0107 korzy\u015bci zar\u00f3wno administracji, jak i samym podmiotom gospodarczym. <\/p>\n","protected":false},"excerpt":{"rendered":"<p>W Niemczech rozpocz\u0119to wdra\u017canie nowego numeru identyfikacyjnego dla os\u00f3b prowadz\u0105cych dzia\u0142alno\u015b\u0107 gospodarcz\u0105 \u2013 W-IdNr. (Wirtschafts-Identifikationsnummer). Jest to znacz\u0105ca zmiana w..<\/p>\n<div class=\"clear\"><\/div><a class=\"more-link\" href=\"https:\/\/hlb-poland.global\/pl\/w-idnr-nowy-numer-identyfikacyjny-dla-przedsiebiorcow-w-niemczech\/\"> Dowiedz si\u0119 wi\u0119cej <\/a>","protected":false},"author":4,"featured_media":15914,"comment_status":"open","ping_status":"closed","sticky":false,"template":"press-room-with-footer.php","format":"standard","meta":{"_acf_changed":false,"footnotes":""},"categories":[250],"tags":[1354,1261],"class_list":["post-15913","post","type-post","status-publish","format-standard","has-post-thumbnail","hentry","category-informacje-prasowe","tag-2024-pl","tag-prowadzenie-dzialalnosci-gospodarczej-w-niemczech"],"acf":[],"yoast_head":"<!-- This site is optimized with the Yoast SEO plugin v27.2 - https:\/\/yoast.com\/product\/yoast-seo-wordpress\/ -->\n<title>W-IdNr. \u2013 Nowy numer identyfikacyjny dla firm w Niemczech<\/title>\n<meta name=\"description\" content=\"W-IdNr. to nowy numer identyfikacyjny dla os\u00f3b prowadz\u0105cych dzia\u0142alno\u015b\u0107 gospodarcz\u0105 w Niemczech. Sprawd\u017a, jak wp\u0142ynie na Twoj\u0105 dzia\u0142alno\u015b\u0107.\" \/>\n<meta name=\"robots\" content=\"index, follow, max-snippet:-1, max-image-preview:large, max-video-preview:-1\" \/>\n<link rel=\"canonical\" href=\"https:\/\/hlb-poland.global\/pl\/w-idnr-nowy-numer-identyfikacyjny-dla-przedsiebiorcow-w-niemczech\/\" \/>\n<meta property=\"og:locale\" content=\"pl_PL\" \/>\n<meta property=\"og:type\" content=\"article\" \/>\n<meta property=\"og:title\" content=\"W-IdNr. \u2013 Nowy numer identyfikacyjny dla firm w Niemczech\" \/>\n<meta property=\"og:description\" content=\"W-IdNr. to nowy numer identyfikacyjny dla os\u00f3b prowadz\u0105cych dzia\u0142alno\u015b\u0107 gospodarcz\u0105 w Niemczech. Sprawd\u017a, jak wp\u0142ynie na Twoj\u0105 dzia\u0142alno\u015b\u0107.\" \/>\n<meta property=\"og:url\" content=\"https:\/\/hlb-poland.global\/pl\/w-idnr-nowy-numer-identyfikacyjny-dla-przedsiebiorcow-w-niemczech\/\" \/>\n<meta property=\"og:site_name\" content=\"HLB Poland\" \/>\n<meta property=\"article:publisher\" content=\"https:\/\/www.facebook.com\/HLBPoland\" \/>\n<meta property=\"article:published_time\" content=\"2024-12-04T11:48:10+00:00\" \/>\n<meta property=\"og:image\" content=\"https:\/\/hlb-poland.global\/wp-content\/uploads\/2024\/12\/widnr-nowy-numer-identyfikacyjny-dla-przedsiebiorcow-w-niemczech.jpg\" \/>\n\t<meta property=\"og:image:width\" content=\"1116\" \/>\n\t<meta property=\"og:image:height\" content=\"586\" \/>\n\t<meta property=\"og:image:type\" content=\"image\/jpeg\" \/>\n<meta name=\"author\" content=\"HLB Poland\" \/>\n<meta name=\"twitter:card\" content=\"summary_large_image\" \/>\n<meta name=\"twitter:label1\" content=\"Napisane przez\" \/>\n\t<meta name=\"twitter:data1\" content=\"HLB Poland\" \/>\n\t<meta name=\"twitter:label2\" content=\"Szacowany czas czytania\" \/>\n\t<meta name=\"twitter:data2\" content=\"1 minuta\" \/>\n<script type=\"application\/ld+json\" class=\"yoast-schema-graph\">{\"@context\":\"https:\/\/schema.org\",\"@graph\":[{\"@type\":\"Article\",\"@id\":\"https:\/\/hlb-poland.global\/pl\/w-idnr-nowy-numer-identyfikacyjny-dla-przedsiebiorcow-w-niemczech\/#article\",\"isPartOf\":{\"@id\":\"https:\/\/hlb-poland.global\/pl\/w-idnr-nowy-numer-identyfikacyjny-dla-przedsiebiorcow-w-niemczech\/\"},\"author\":{\"name\":\"HLB Poland\",\"@id\":\"https:\/\/hlb-poland.global\/#\/schema\/person\/ea4195936503cebcda5018abaa3182f0\"},\"headline\":\"W-IdNr. \u2013 Nowy numer identyfikacyjny dla przedsi\u0119biorc\u00f3w w Niemczech\",\"datePublished\":\"2024-12-04T11:48:10+00:00\",\"mainEntityOfPage\":{\"@id\":\"https:\/\/hlb-poland.global\/pl\/w-idnr-nowy-numer-identyfikacyjny-dla-przedsiebiorcow-w-niemczech\/\"},\"wordCount\":759,\"commentCount\":0,\"publisher\":{\"@id\":\"https:\/\/hlb-poland.global\/#organization\"},\"image\":{\"@id\":\"https:\/\/hlb-poland.global\/pl\/w-idnr-nowy-numer-identyfikacyjny-dla-przedsiebiorcow-w-niemczech\/#primaryimage\"},\"thumbnailUrl\":\"https:\/\/hlb-poland.global\/wp-content\/uploads\/2024\/12\/widnr-nowy-numer-identyfikacyjny-dla-przedsiebiorcow-w-niemczech.jpg\",\"keywords\":[\"2024\",\"Prowadzenie dzia\u0142alno\u015bci gospodarczej w Niemczech\"],\"articleSection\":[\"Informacje prasowe od HLB Poland\"],\"inLanguage\":\"pl-PL\",\"potentialAction\":[{\"@type\":\"CommentAction\",\"name\":\"Comment\",\"target\":[\"https:\/\/hlb-poland.global\/pl\/w-idnr-nowy-numer-identyfikacyjny-dla-przedsiebiorcow-w-niemczech\/#respond\"]}]},{\"@type\":\"WebPage\",\"@id\":\"https:\/\/hlb-poland.global\/pl\/w-idnr-nowy-numer-identyfikacyjny-dla-przedsiebiorcow-w-niemczech\/\",\"url\":\"https:\/\/hlb-poland.global\/pl\/w-idnr-nowy-numer-identyfikacyjny-dla-przedsiebiorcow-w-niemczech\/\",\"name\":\"W-IdNr. \u2013 Nowy numer identyfikacyjny dla firm w Niemczech\",\"isPartOf\":{\"@id\":\"https:\/\/hlb-poland.global\/#website\"},\"primaryImageOfPage\":{\"@id\":\"https:\/\/hlb-poland.global\/pl\/w-idnr-nowy-numer-identyfikacyjny-dla-przedsiebiorcow-w-niemczech\/#primaryimage\"},\"image\":{\"@id\":\"https:\/\/hlb-poland.global\/pl\/w-idnr-nowy-numer-identyfikacyjny-dla-przedsiebiorcow-w-niemczech\/#primaryimage\"},\"thumbnailUrl\":\"https:\/\/hlb-poland.global\/wp-content\/uploads\/2024\/12\/widnr-nowy-numer-identyfikacyjny-dla-przedsiebiorcow-w-niemczech.jpg\",\"datePublished\":\"2024-12-04T11:48:10+00:00\",\"description\":\"W-IdNr. to nowy numer identyfikacyjny dla os\u00f3b prowadz\u0105cych dzia\u0142alno\u015b\u0107 gospodarcz\u0105 w Niemczech. Sprawd\u017a, jak wp\u0142ynie na Twoj\u0105 dzia\u0142alno\u015b\u0107.\",\"breadcrumb\":{\"@id\":\"https:\/\/hlb-poland.global\/pl\/w-idnr-nowy-numer-identyfikacyjny-dla-przedsiebiorcow-w-niemczech\/#breadcrumb\"},\"inLanguage\":\"pl-PL\",\"potentialAction\":[{\"@type\":\"ReadAction\",\"target\":[\"https:\/\/hlb-poland.global\/pl\/w-idnr-nowy-numer-identyfikacyjny-dla-przedsiebiorcow-w-niemczech\/\"]}]},{\"@type\":\"ImageObject\",\"inLanguage\":\"pl-PL\",\"@id\":\"https:\/\/hlb-poland.global\/pl\/w-idnr-nowy-numer-identyfikacyjny-dla-przedsiebiorcow-w-niemczech\/#primaryimage\",\"url\":\"https:\/\/hlb-poland.global\/wp-content\/uploads\/2024\/12\/widnr-nowy-numer-identyfikacyjny-dla-przedsiebiorcow-w-niemczech.jpg\",\"contentUrl\":\"https:\/\/hlb-poland.global\/wp-content\/uploads\/2024\/12\/widnr-nowy-numer-identyfikacyjny-dla-przedsiebiorcow-w-niemczech.jpg\",\"width\":1116,\"height\":586,\"caption\":\"W-IdNr. \u2013 Nowy numer identyfikacyjny dla firm w Niemczech\"},{\"@type\":\"BreadcrumbList\",\"@id\":\"https:\/\/hlb-poland.global\/pl\/w-idnr-nowy-numer-identyfikacyjny-dla-przedsiebiorcow-w-niemczech\/#breadcrumb\",\"itemListElement\":[{\"@type\":\"ListItem\",\"position\":1,\"name\":\"Strona g\u0142\u00f3wna\",\"item\":\"https:\/\/hlb-poland.global\/pl\/\"},{\"@type\":\"ListItem\",\"position\":2,\"name\":\"W-IdNr. \u2013 Nowy numer identyfikacyjny dla przedsi\u0119biorc\u00f3w w Niemczech\"}]},{\"@type\":\"WebSite\",\"@id\":\"https:\/\/hlb-poland.global\/#website\",\"url\":\"https:\/\/hlb-poland.global\/\",\"name\":\"HLB Poland\",\"description\":\"Advisory and accounting\",\"publisher\":{\"@id\":\"https:\/\/hlb-poland.global\/#organization\"},\"potentialAction\":[{\"@type\":\"SearchAction\",\"target\":{\"@type\":\"EntryPoint\",\"urlTemplate\":\"https:\/\/hlb-poland.global\/?s={search_term_string}\"},\"query-input\":{\"@type\":\"PropertyValueSpecification\",\"valueRequired\":true,\"valueName\":\"search_term_string\"}}],\"inLanguage\":\"pl-PL\"},{\"@type\":\"Organization\",\"@id\":\"https:\/\/hlb-poland.global\/#organization\",\"name\":\"HLB Poland\",\"url\":\"https:\/\/hlb-poland.global\/\",\"logo\":{\"@type\":\"ImageObject\",\"inLanguage\":\"pl-PL\",\"@id\":\"https:\/\/hlb-poland.global\/#\/schema\/logo\/image\/\",\"url\":\"https:\/\/hlb-poland.global\/wp-content\/uploads\/2025\/12\/hlb-poland-og-image.png\",\"contentUrl\":\"https:\/\/hlb-poland.global\/wp-content\/uploads\/2025\/12\/hlb-poland-og-image.png\",\"width\":1200,\"height\":630,\"caption\":\"HLB Poland\"},\"image\":{\"@id\":\"https:\/\/hlb-poland.global\/#\/schema\/logo\/image\/\"},\"sameAs\":[\"https:\/\/www.facebook.com\/HLBPoland\",\"https:\/\/www.linkedin.com\/company\/hlb-poland\"]},{\"@type\":\"Person\",\"@id\":\"https:\/\/hlb-poland.global\/#\/schema\/person\/ea4195936503cebcda5018abaa3182f0\",\"name\":\"HLB Poland\",\"image\":{\"@type\":\"ImageObject\",\"inLanguage\":\"pl-PL\",\"@id\":\"https:\/\/secure.gravatar.com\/avatar\/f8c08eab88f3884687a4b0931b327fb8fd9e8fbde701da5573e0899fac7b0180?s=96&d=mm&r=g\",\"url\":\"https:\/\/secure.gravatar.com\/avatar\/f8c08eab88f3884687a4b0931b327fb8fd9e8fbde701da5573e0899fac7b0180?s=96&d=mm&r=g\",\"contentUrl\":\"https:\/\/secure.gravatar.com\/avatar\/f8c08eab88f3884687a4b0931b327fb8fd9e8fbde701da5573e0899fac7b0180?s=96&d=mm&r=g\",\"caption\":\"HLB Poland\"}}]}<\/script>\n<!-- \/ Yoast SEO plugin. -->","yoast_head_json":{"title":"W-IdNr. \u2013 Nowy numer identyfikacyjny dla firm w Niemczech","description":"W-IdNr. to nowy numer identyfikacyjny dla os\u00f3b prowadz\u0105cych dzia\u0142alno\u015b\u0107 gospodarcz\u0105 w Niemczech. Sprawd\u017a, jak wp\u0142ynie na Twoj\u0105 dzia\u0142alno\u015b\u0107.","robots":{"index":"index","follow":"follow","max-snippet":"max-snippet:-1","max-image-preview":"max-image-preview:large","max-video-preview":"max-video-preview:-1"},"canonical":"https:\/\/hlb-poland.global\/pl\/w-idnr-nowy-numer-identyfikacyjny-dla-przedsiebiorcow-w-niemczech\/","og_locale":"pl_PL","og_type":"article","og_title":"W-IdNr. \u2013 Nowy numer identyfikacyjny dla firm w Niemczech","og_description":"W-IdNr. to nowy numer identyfikacyjny dla os\u00f3b prowadz\u0105cych dzia\u0142alno\u015b\u0107 gospodarcz\u0105 w Niemczech. Sprawd\u017a, jak wp\u0142ynie na Twoj\u0105 dzia\u0142alno\u015b\u0107.","og_url":"https:\/\/hlb-poland.global\/pl\/w-idnr-nowy-numer-identyfikacyjny-dla-przedsiebiorcow-w-niemczech\/","og_site_name":"HLB Poland","article_publisher":"https:\/\/www.facebook.com\/HLBPoland","article_published_time":"2024-12-04T11:48:10+00:00","og_image":[{"width":1116,"height":586,"url":"https:\/\/hlb-poland.global\/wp-content\/uploads\/2024\/12\/widnr-nowy-numer-identyfikacyjny-dla-przedsiebiorcow-w-niemczech.jpg","type":"image\/jpeg"}],"author":"HLB Poland","twitter_card":"summary_large_image","twitter_misc":{"Napisane przez":"HLB Poland","Szacowany czas czytania":"1 minuta"},"schema":{"@context":"https:\/\/schema.org","@graph":[{"@type":"Article","@id":"https:\/\/hlb-poland.global\/pl\/w-idnr-nowy-numer-identyfikacyjny-dla-przedsiebiorcow-w-niemczech\/#article","isPartOf":{"@id":"https:\/\/hlb-poland.global\/pl\/w-idnr-nowy-numer-identyfikacyjny-dla-przedsiebiorcow-w-niemczech\/"},"author":{"name":"HLB Poland","@id":"https:\/\/hlb-poland.global\/#\/schema\/person\/ea4195936503cebcda5018abaa3182f0"},"headline":"W-IdNr. \u2013 Nowy numer identyfikacyjny dla przedsi\u0119biorc\u00f3w w Niemczech","datePublished":"2024-12-04T11:48:10+00:00","mainEntityOfPage":{"@id":"https:\/\/hlb-poland.global\/pl\/w-idnr-nowy-numer-identyfikacyjny-dla-przedsiebiorcow-w-niemczech\/"},"wordCount":759,"commentCount":0,"publisher":{"@id":"https:\/\/hlb-poland.global\/#organization"},"image":{"@id":"https:\/\/hlb-poland.global\/pl\/w-idnr-nowy-numer-identyfikacyjny-dla-przedsiebiorcow-w-niemczech\/#primaryimage"},"thumbnailUrl":"https:\/\/hlb-poland.global\/wp-content\/uploads\/2024\/12\/widnr-nowy-numer-identyfikacyjny-dla-przedsiebiorcow-w-niemczech.jpg","keywords":["2024","Prowadzenie dzia\u0142alno\u015bci gospodarczej w Niemczech"],"articleSection":["Informacje prasowe od HLB Poland"],"inLanguage":"pl-PL","potentialAction":[{"@type":"CommentAction","name":"Comment","target":["https:\/\/hlb-poland.global\/pl\/w-idnr-nowy-numer-identyfikacyjny-dla-przedsiebiorcow-w-niemczech\/#respond"]}]},{"@type":"WebPage","@id":"https:\/\/hlb-poland.global\/pl\/w-idnr-nowy-numer-identyfikacyjny-dla-przedsiebiorcow-w-niemczech\/","url":"https:\/\/hlb-poland.global\/pl\/w-idnr-nowy-numer-identyfikacyjny-dla-przedsiebiorcow-w-niemczech\/","name":"W-IdNr. \u2013 Nowy numer identyfikacyjny dla firm w Niemczech","isPartOf":{"@id":"https:\/\/hlb-poland.global\/#website"},"primaryImageOfPage":{"@id":"https:\/\/hlb-poland.global\/pl\/w-idnr-nowy-numer-identyfikacyjny-dla-przedsiebiorcow-w-niemczech\/#primaryimage"},"image":{"@id":"https:\/\/hlb-poland.global\/pl\/w-idnr-nowy-numer-identyfikacyjny-dla-przedsiebiorcow-w-niemczech\/#primaryimage"},"thumbnailUrl":"https:\/\/hlb-poland.global\/wp-content\/uploads\/2024\/12\/widnr-nowy-numer-identyfikacyjny-dla-przedsiebiorcow-w-niemczech.jpg","datePublished":"2024-12-04T11:48:10+00:00","description":"W-IdNr. to nowy numer identyfikacyjny dla os\u00f3b prowadz\u0105cych dzia\u0142alno\u015b\u0107 gospodarcz\u0105 w Niemczech. Sprawd\u017a, jak wp\u0142ynie na Twoj\u0105 dzia\u0142alno\u015b\u0107.","breadcrumb":{"@id":"https:\/\/hlb-poland.global\/pl\/w-idnr-nowy-numer-identyfikacyjny-dla-przedsiebiorcow-w-niemczech\/#breadcrumb"},"inLanguage":"pl-PL","potentialAction":[{"@type":"ReadAction","target":["https:\/\/hlb-poland.global\/pl\/w-idnr-nowy-numer-identyfikacyjny-dla-przedsiebiorcow-w-niemczech\/"]}]},{"@type":"ImageObject","inLanguage":"pl-PL","@id":"https:\/\/hlb-poland.global\/pl\/w-idnr-nowy-numer-identyfikacyjny-dla-przedsiebiorcow-w-niemczech\/#primaryimage","url":"https:\/\/hlb-poland.global\/wp-content\/uploads\/2024\/12\/widnr-nowy-numer-identyfikacyjny-dla-przedsiebiorcow-w-niemczech.jpg","contentUrl":"https:\/\/hlb-poland.global\/wp-content\/uploads\/2024\/12\/widnr-nowy-numer-identyfikacyjny-dla-przedsiebiorcow-w-niemczech.jpg","width":1116,"height":586,"caption":"W-IdNr. \u2013 Nowy numer identyfikacyjny dla firm w Niemczech"},{"@type":"BreadcrumbList","@id":"https:\/\/hlb-poland.global\/pl\/w-idnr-nowy-numer-identyfikacyjny-dla-przedsiebiorcow-w-niemczech\/#breadcrumb","itemListElement":[{"@type":"ListItem","position":1,"name":"Strona g\u0142\u00f3wna","item":"https:\/\/hlb-poland.global\/pl\/"},{"@type":"ListItem","position":2,"name":"W-IdNr. \u2013 Nowy numer identyfikacyjny dla przedsi\u0119biorc\u00f3w w Niemczech"}]},{"@type":"WebSite","@id":"https:\/\/hlb-poland.global\/#website","url":"https:\/\/hlb-poland.global\/","name":"HLB Poland","description":"Advisory and accounting","publisher":{"@id":"https:\/\/hlb-poland.global\/#organization"},"potentialAction":[{"@type":"SearchAction","target":{"@type":"EntryPoint","urlTemplate":"https:\/\/hlb-poland.global\/?s={search_term_string}"},"query-input":{"@type":"PropertyValueSpecification","valueRequired":true,"valueName":"search_term_string"}}],"inLanguage":"pl-PL"},{"@type":"Organization","@id":"https:\/\/hlb-poland.global\/#organization","name":"HLB Poland","url":"https:\/\/hlb-poland.global\/","logo":{"@type":"ImageObject","inLanguage":"pl-PL","@id":"https:\/\/hlb-poland.global\/#\/schema\/logo\/image\/","url":"https:\/\/hlb-poland.global\/wp-content\/uploads\/2025\/12\/hlb-poland-og-image.png","contentUrl":"https:\/\/hlb-poland.global\/wp-content\/uploads\/2025\/12\/hlb-poland-og-image.png","width":1200,"height":630,"caption":"HLB Poland"},"image":{"@id":"https:\/\/hlb-poland.global\/#\/schema\/logo\/image\/"},"sameAs":["https:\/\/www.facebook.com\/HLBPoland","https:\/\/www.linkedin.com\/company\/hlb-poland"]},{"@type":"Person","@id":"https:\/\/hlb-poland.global\/#\/schema\/person\/ea4195936503cebcda5018abaa3182f0","name":"HLB Poland","image":{"@type":"ImageObject","inLanguage":"pl-PL","@id":"https:\/\/secure.gravatar.com\/avatar\/f8c08eab88f3884687a4b0931b327fb8fd9e8fbde701da5573e0899fac7b0180?s=96&d=mm&r=g","url":"https:\/\/secure.gravatar.com\/avatar\/f8c08eab88f3884687a4b0931b327fb8fd9e8fbde701da5573e0899fac7b0180?s=96&d=mm&r=g","contentUrl":"https:\/\/secure.gravatar.com\/avatar\/f8c08eab88f3884687a4b0931b327fb8fd9e8fbde701da5573e0899fac7b0180?s=96&d=mm&r=g","caption":"HLB Poland"}}]}},"_links":{"self":[{"href":"https:\/\/hlb-poland.global\/pl\/wp-json\/wp\/v2\/posts\/15913","targetHints":{"allow":["GET"]}}],"collection":[{"href":"https:\/\/hlb-poland.global\/pl\/wp-json\/wp\/v2\/posts"}],"about":[{"href":"https:\/\/hlb-poland.global\/pl\/wp-json\/wp\/v2\/types\/post"}],"author":[{"embeddable":true,"href":"https:\/\/hlb-poland.global\/pl\/wp-json\/wp\/v2\/users\/4"}],"replies":[{"embeddable":true,"href":"https:\/\/hlb-poland.global\/pl\/wp-json\/wp\/v2\/comments?post=15913"}],"version-history":[{"count":1,"href":"https:\/\/hlb-poland.global\/pl\/wp-json\/wp\/v2\/posts\/15913\/revisions"}],"predecessor-version":[{"id":15917,"href":"https:\/\/hlb-poland.global\/pl\/wp-json\/wp\/v2\/posts\/15913\/revisions\/15917"}],"wp:featuredmedia":[{"embeddable":true,"href":"https:\/\/hlb-poland.global\/pl\/wp-json\/wp\/v2\/media\/15914"}],"wp:attachment":[{"href":"https:\/\/hlb-poland.global\/pl\/wp-json\/wp\/v2\/media?parent=15913"}],"wp:term":[{"taxonomy":"category","embeddable":true,"href":"https:\/\/hlb-poland.global\/pl\/wp-json\/wp\/v2\/categories?post=15913"},{"taxonomy":"post_tag","embeddable":true,"href":"https:\/\/hlb-poland.global\/pl\/wp-json\/wp\/v2\/tags?post=15913"}],"curies":[{"name":"wp","href":"https:\/\/api.w.org\/{rel}","templated":true}]}}