
{"id":18100,"date":"2025-09-23T13:26:41","date_gmt":"2025-09-23T12:26:41","guid":{"rendered":"https:\/\/hlb-poland.global\/?p=18100"},"modified":"2025-09-23T13:26:41","modified_gmt":"2025-09-23T12:26:41","slug":"ulga-podatkowa-na-zolnierzy-wot-i-ar-zasady-dla-pracodawcow","status":"publish","type":"post","link":"https:\/\/hlb-poland.global\/pl\/ulga-podatkowa-na-zolnierzy-wot-i-ar-zasady-dla-pracodawcow\/","title":{"rendered":"Ulga podatkowa na \u017co\u0142nierzy WOT i AR \u2013 zasady dla pracodawc\u00f3w"},"content":{"rendered":"<p><img decoding=\"async\" class=\"aligncenter size-full wp-image-18000 global-commitment-globe img-fluid\" style=\"margin-bottom: 50px;\" src=\"https:\/\/hlb-poland.global\/wp-content\/uploads\/2025\/09\/ulga-podatkowa-na-zolnierzy-wot-i-ar-zasady-dla-pracodawcow-hlb.jpg\" alt=\"Ulga podatkowa na \u017co\u0142nierzy WOT i AR \u2013 zasady dla pracodawc\u00f3w\" \/><br \/>\nZ ko\u0144cem roku podatkowego warto przypomnie\u0107 o nowej preferencji, z kt\u00f3rej przedsi\u0119biorcy b\u0119d\u0105 mogli skorzysta\u0107 po raz pierwszy w rozliczeniu za 2025 r. Ulga podatkowa na zatrudnianie \u017co\u0142nierzy Wojsk Obrony Terytorialnej (WOT) i Aktywnej Rezerwy (AR) stanowi realne wsparcie dla firm. Mo\u017cna j\u0105 uwzgl\u0119dni\u0107 zar\u00f3wno w rozliczeniu PIT, jak i CIT \u2013 skorzystaj\u0105 z niej podatnicy prowadz\u0105cy dzia\u0142alno\u015b\u0107 gospodarcz\u0105 opodatkowan\u0105 na zasadach og\u00f3lnych, liniowo oraz podatnicy podatku dochodowego od os\u00f3b prawnych. Opr\u00f3cz wymiernych korzy\u015bci podatkowych warto jednak pami\u0119ta\u0107, \u017ce zatrudnianie \u017co\u0142nierzy wi\u0105\u017ce si\u0119 tak\u017ce z dodatkowymi obowi\u0105zkami po stronie pracodawcy.<\/p>\n<hr\/>\n<h2>Na czym polega ulga podatkowa na \u017co\u0142nierzy WOT i AR?<\/h2>\n<p>Ulga podatkowa dla przedsi\u0119biorc\u00f3w zatrudniaj\u0105cych \u017co\u0142nierzy Wojsk Obrony Terytorialnej (WOT) oraz Aktywnej Rezerwy (AR) zosta\u0142a wprowadzona ustaw\u0105 z 1 pa\u017adziernika 2024 r. i obowi\u0105zuje od 1 stycznia 2025 r. Przewidziano j\u0105 zar\u00f3wno w ustawie o PIT (art. 26he), jak i w ustawie o CIT (art. 18eg). Jej celem jest zach\u0119cenie pracodawc\u00f3w do wspierania os\u00f3b, kt\u00f3re \u0142\u0105cz\u0105 aktywno\u015b\u0107 zawodow\u0105 ze s\u0142u\u017cb\u0105 wojskow\u0105, poprzez zmniejszenie obci\u0105\u017ce\u0144 podatkowych.<\/p>\n<p>Z ulgi mog\u0105 skorzysta\u0107 podatnicy PIT rozliczaj\u0105cy dzia\u0142alno\u015b\u0107 na zasadach og\u00f3lnych lub podatkiem liniowym, a tak\u017ce podatnicy CIT \u2013 pod warunkiem, \u017ce <span class=\"bold\">zatrudniaj\u0105 \u017co\u0142nierzy WOT lub AR na podstawie umowy o prac\u0119, z wynagrodzeniem co najmniej minimalnym<\/span>.<\/p>\n<p>Ulga <span class=\"bold\">nie obejmuje<\/span> wsp\u00f3\u0142pracownik\u00f3w zatrudnionych na podstawie um\u00f3w cywilnoprawnych czy w modelu B2B. W praktyce odliczenie polega na zmniejszeniu podstawy opodatkowania o okre\u015blon\u0105 kwot\u0119, uzale\u017cnion\u0105 od nieprzerwanego okresu s\u0142u\u017cby \u017co\u0142nierza. <span class=\"bold\">Odliczenie przys\u0142uguje odr\u0119bnie na ka\u017cdego zatrudnionego \u017co\u0142nierza WOT lub AR spe\u0142niaj\u0105cego warunki<\/span>.<br \/>\n<img loading=\"lazy\" decoding=\"async\" src=\"https:\/\/getsix.pl\/wp-content\/uploads\/2025\/09\/warunki-skorzystania-z-ulgi-podatkowej-na-zolnierzy-wot-i-ar.jpg\" alt=\"Warunki skorzystania z ulgi podatkowej na \u017co\u0142nierzy WOT i AR\" width=\"1920\" height=\"1080\" class=\"aligncenter size-full wp-image-177665\" \/><\/p>\n<hr\/>\n<h2>Kwoty odliczenia i przyk\u0142ady zastosowania<\/h2>\n<p>Wysoko\u015b\u0107 ulgi podatkowej zale\u017cy od d\u0142ugo\u015bci nieprzerwanego okresu pe\u0142nienia s\u0142u\u017cby wojskowej przez \u017co\u0142nierza WOT lub AR. Kwoty odliczenia zosta\u0142y okre\u015blone ustawowo i obowi\u0105zuj\u0105 zar\u00f3wno w PIT, jak i w CIT.<\/p>\n<h3>Kwoty bazowe odliczenia<\/h3>\n<table class=\"responsive-table new\">\n<thead>\n<tr>\n<th>Sta\u017c nieprzerwanej s\u0142u\u017cby<\/th>\n<th>Kwota odliczenia na pracownika<\/th>\n<\/tr>\n<\/thead>\n<tbody>\n<tr>\n<td>co najmniej 1 rok<\/td>\n<td>12 000 z\u0142<\/td>\n<\/tr>\n<tr>\n<td>co najmniej 2 lata<\/td>\n<td>15 000 z\u0142<\/td>\n<\/tr>\n<tr>\n<td>co najmniej 3 lata<\/td>\n<td>18 000 z\u0142<\/td>\n<\/tr>\n<tr>\n<td>co najmniej 4 lata<\/td>\n<td>21 000 z\u0142<\/td>\n<\/tr>\n<tr>\n<td>co najmniej 5 lat<\/td>\n<td>24 000 z\u0142<\/td>\n<\/tr>\n<\/tbody>\n<\/table>\n<h3>Wsp\u00f3\u0142czynniki zwi\u0119kszaj\u0105ce ulg\u0119<\/h3>\n<p>Ustawodawca przewidzia\u0142 mo\u017cliwo\u015b\u0107 podwy\u017cszenia wskazanych kwot:<\/p>\n<ul>\n<li><span class=\"bold\">1,5<\/span> \u2013 dla mikro i ma\u0142ych przedsi\u0119biorc\u00f3w (zgodnie z definicj\u0105 w Prawie przedsi\u0119biorc\u00f3w),<\/li>\n<li><span class=\"bold\">1,2<\/span> \u2013 dla pozosta\u0142ych podatnik\u00f3w, kt\u00f3rzy przez ca\u0142y rok podatkowy zatrudniaj\u0105 co najmniej 5 pracownik\u00f3w (w przeliczeniu na pe\u0142ne etaty).<\/li>\n<\/ul>\n<h3>Zasada proporcji<\/h3>\n<p>Je\u017celi \u017co\u0142nierz by\u0142 zatrudniony kr\u00f3cej ni\u017c rok podatkowy, ulga przys\u0142uguje w wysoko\u015bci <span class=\"bold\">1\/12 kwoty bazowej za ka\u017cdy pe\u0142ny miesi\u0105c zatrudnienia<\/span>.<\/p>\n<h3>Przyk\u0142ady zastosowania<\/h3>\n<ul>\n<li><span class=\"bold\">Mikroprzedsi\u0119biorca<\/span> zatrudnia na etat \u017co\u0142nierza WOT z dwuletnim sta\u017cem s\u0142u\u017cby. Kwota bazowa to 15 000 z\u0142. Z uwagi na status mikroprzedsi\u0119biorcy stosuje wsp\u00f3\u0142czynnik 1,5 \u2192 <span class=\"bold\">22 500 z\u0142 odliczenia<\/span>.<\/li>\n<li><span class=\"bold\">Sp\u00f3\u0142ka zatrudniaj\u0105ca przez ca\u0142y rok co najmniej 5 os\u00f3b<\/span> ma w zespole \u017co\u0142nierza AR z trzyletnim sta\u017cem s\u0142u\u017cby. Kwota bazowa to 18 000 z\u0142, po zastosowaniu wsp\u00f3\u0142czynnika 1,2 \u2192 <span class=\"bold\">21 600 z\u0142 odliczenia<\/span>.<\/li>\n<li><span class=\"bold\">W przypadku zatrudnienia \u017co\u0142nierza przez 3 miesi\u0105ce<\/span> w roku (przy sta\u017cu s\u0142u\u017cby wynosz\u0105cym co najmniej rok), przys\u0142uguje odliczenie w wysoko\u015bci 3\/12 \u00d7 12 000 z\u0142 = 3 000 z\u0142.<\/li>\n<li><span class=\"bold\">Przedsi\u0119biorca zatrudniaj\u0105cy kilku \u017co\u0142nierzy<\/span> (np. 1 rok, 2 lata i 5 lat s\u0142u\u017cby). Odliczenia sumuj\u0105 si\u0119 \u2013 odpowiednio 12 000 z\u0142 + 15 000 z\u0142 + 24 000 z\u0142 = <span class=\"bold\">51 000 z\u0142<\/span> (z mo\u017cliwo\u015bci\u0105 podwy\u017cszenia przez wsp\u00f3\u0142czynnik).<\/li>\n<\/ul>\n<hr\/>\n<h2>Jak odliczy\u0107 ulg\u0119 na \u017co\u0142nierzy WOT?<\/h2>\n<p>Odliczenia dokonuje si\u0119 w <span class=\"bold\">rocznym zeznaniu podatkowym<\/span> \u2013 zar\u00f3wno w PIT, jak i w CIT \u2013 sk\u0142adanym za rok 2025. Ulga nie pomniejsza miesi\u0119cznych ani kwartalnych zaliczek, a jej wysoko\u015b\u0107 ustala si\u0119 na podstawie danych z ca\u0142ego roku podatkowego.<\/p>\n<h3>Jakie dane trzeba poda\u0107 w zeznaniu?<\/h3>\n<p>Zgodnie z ustaw\u0105, w zeznaniu nale\u017cy wskaza\u0107 m.in.:<\/p>\n<ul>\n<li><span class=\"bold\">numer PESEL<\/span> \u017co\u0142nierza pe\u0142ni\u0105cego s\u0142u\u017cb\u0119,<\/li>\n<li>liczb\u0119 <span class=\"bold\">miesi\u0119cy i lat nieprzerwanej s\u0142u\u017cby<\/span> w WOT lub AR,<\/li>\n<li>informacj\u0119 o statusie podatnika (mikroprzedsi\u0119biorca, ma\u0142y przedsi\u0119biorca lub pracodawca zatrudniaj\u0105cy co najmniej 5 os\u00f3b w przeliczeniu na pe\u0142ne etaty).<\/li>\n<\/ul>\n<h3>Dokumenty na potrzeby kontroli<\/h3>\n<p>Na \u017c\u0105danie organ\u00f3w podatkowych podatnik jest zobowi\u0105zany przedstawi\u0107:<\/p>\n<ul>\n<li><span class=\"bold\">za\u015bwiadczenia lub o\u015bwiadczenia<\/span> potwierdzaj\u0105ce pe\u0142nienie s\u0142u\u017cby przez pracownika,<\/li>\n<li>inne dowody niezb\u0119dne do ustalenia prawa do ulgi (np. dokumentacj\u0119 kadrow\u0105 potwierdzaj\u0105c\u0105 zatrudnienie na umow\u0119 o prac\u0119, wysoko\u015b\u0107 wynagrodzenia).<\/li>\n<\/ul>\n<h3>Limity i zasady rozliczenia<\/h3>\n<ul>\n<li>Odliczenie <span class=\"bold\">nie mo\u017ce przekroczy\u0107 dochodu<\/span> podatnika z dzia\u0142alno\u015bci gospodarczej (PIT) lub z dzia\u0142alno\u015bci operacyjnej (CIT).<\/li>\n<li>W przypadku straty lub zbyt niskiego dochodu niewykorzystan\u0105 cz\u0119\u015b\u0107 ulgi mo\u017cna odliczy\u0107 w kolejnych <span class=\"bold\">5 latach podatkowych<\/span>.<\/li>\n<li>Kwoty odliczenia sumuj\u0105 si\u0119 \u2013 ulga przys\u0142uguje na ka\u017cdego \u017co\u0142nierza spe\u0142niaj\u0105cego warunki.<\/li>\n<\/ul>\n<hr\/>\n<h2>Obowi\u0105zki pracodawcy wobec pracownik\u00f3w-\u017co\u0142nierzy<\/h2>\n<p>Zatrudnianie \u017co\u0142nierzy Wojsk Obrony Terytorialnej lub Aktywnej Rezerwy oznacza nie tylko mo\u017cliwo\u015b\u0107 skorzystania z ulgi podatkowej, ale tak\u017ce dodatkowe obowi\u0105zki wynikaj\u0105ce z ustawy o obronie Ojczyzny.<\/p>\n<h3>Wezwanie do natychmiastowego stawiennictwa<\/h3>\n<p>\u017bo\u0142nierze mog\u0105 otrzyma\u0107 wezwanie do pe\u0142nienia s\u0142u\u017cby w trybie natychmiastowym. Po stawieniu si\u0119 pracownika do jednostki, dow\u00f3dca jest zobowi\u0105zany niezw\u0142ocznie zawiadomi\u0107 jego pracodawc\u0119. Niezale\u017cnie od tego pracownik ma obowi\u0105zek poinformowa\u0107 firm\u0119 o swojej nieobecno\u015bci i jej przewidywanym czasie \u2013 nie p\u00f3\u017aniej ni\u017c w drugim dniu nieobecno\u015bci.<\/p>\n<h3>Urlop bezp\u0142atny na czas s\u0142u\u017cby<\/h3>\n<p>Zgodnie z art. 305 ustawy o obronie Ojczyzny, pracodawca ma obowi\u0105zek udzieli\u0107 pracownikowi\u2013\u017co\u0142nierzowi urlopu bezp\u0142atnego na czas s\u0142u\u017cby. W tym okresie pracownik zachowuje wszystkie uprawnienia ze stosunku pracy, poza prawem do wynagrodzenia. Pracodawca nie mo\u017ce odm\u00f3wi\u0107 udzielenia takiego urlopu.<\/p>\n<h3>Prawa pracownicze<\/h3>\n<p>W czasie s\u0142u\u017cby pracownik pozostaje w stosunku pracy \u2013 zachowuje m.in. prawo do powrotu na swoje stanowisko po zako\u0144czeniu obowi\u0105zk\u00f3w wojskowych.<\/p>\n<hr\/>\n<h2>Dodatkowe zach\u0119ty i programy wsparcia<\/h2>\n<p>Opr\u00f3cz ulgi podatkowej ustawodawca przewidzia\u0142 tak\u017ce inne formy wsparcia dla przedsi\u0119biorc\u00f3w zatrudniaj\u0105cych \u017co\u0142nierzy WOT i AR.<\/p>\n<h3>Zwolnienie z obowi\u0105zku wyp\u0142aty odprawy<\/h3>\n<p>Pracodawca nie musi finansowa\u0107 odprawy dla pracownik\u00f3w-\u017co\u0142nierzy, kt\u00f3rzy uko\u0144czyli szkolenie podstawowe. \u015awiadczenie to wyp\u0142acane jest przez jednostk\u0119 wojskow\u0105 w wysoko\u015bci 50% przeci\u0119tnego wynagrodzenia z drugiego kwarta\u0142u roku poprzedniego.<\/p>\n<h3>Preferencje w zam\u00f3wieniach publicznych<\/h3>\n<p>Zatrudnianie \u017co\u0142nierzy WOT i AR mo\u017ce by\u0107 dodatkowym kryterium jako\u015bciowym przy udzielaniu zam\u00f3wie\u0144 publicznych poni\u017cej prog\u00f3w unijnych. Dzi\u0119ki temu przedsi\u0119biorcy wspieraj\u0105cy obronno\u015b\u0107 kraju maj\u0105 wi\u0119ksze szanse na uzyskanie kontrakt\u00f3w.<\/p>\n<h3>Program \u201ePracodawca Przyjazny WOT\u201d<\/h3>\n<p>Ministerstwo Obrony Narodowej prowadzi tak\u017ce program wyr\u00f3\u017cniaj\u0105cy firmy, kt\u00f3re w spos\u00f3b szczeg\u00f3lny wspieraj\u0105 swoich pracownik\u00f3w\u2013\u017co\u0142nierzy. Konkurs \u201ePracodawca Przyjazny WOT\u201d promuje dobre praktyki w zakresie elastycznego organizowania pracy i budowania \u015bwiadomo\u015bci roli WOT. Firmy mog\u0105 liczy\u0107 na presti\u017cowe wyr\u00f3\u017cnienia i dodatkowe szkolenia wspieraj\u0105ce kadry w \u0142\u0105czeniu obowi\u0105zk\u00f3w zawodowych i wojskowych.<\/p>\n<hr\/>\n<p>Ulga podatkowa na zatrudnianie \u017co\u0142nierzy WOT i AR to realne wsparcie dla przedsi\u0119biorc\u00f3w \u2013 pozwala zmniejszy\u0107 podstaw\u0119 opodatkowania zar\u00f3wno w PIT, jak i w CIT, a w praktyce prze\u0142o\u017cy\u0107 si\u0119 na wymierne oszcz\u0119dno\u015bci podatkowe. Jednocze\u015bnie pracodawcy musz\u0105 pami\u0119ta\u0107, \u017ce zatrudnianie \u017co\u0142nierzy wi\u0105\u017ce si\u0119 z okre\u015blonymi obowi\u0105zkami kadrowymi, kt\u00f3rych nie mo\u017cna pomin\u0105\u0107.<\/p>\n<p>Dlatego warto ju\u017c teraz przygotowa\u0107 w firmie procedury HR zwi\u0105zane z nieobecno\u015bci\u0105 pracownik\u00f3w powo\u0142ywanych do s\u0142u\u017cby oraz zadba\u0107 o odpowiedni\u0105 dokumentacj\u0119 podatkow\u0105.<\/p>\n<p class=\"blockquote-getsix\">getsix\u00ae wspiera przedsi\u0119biorc\u00f3w zar\u00f3wno w kalkulacji ulgi i rozliczeniach podatkowych, jak i w przygotowaniu dokumentacji kadrowej, tak aby skorzystanie z preferencji by\u0142o bezpieczne i zgodne z przepisami. <a href=\"https:\/\/getsix.pl\/kontakt\/\" class=\"link\">Skontaktuj si\u0119 z nami<\/a>. <\/p>\n<hr\/>\n<p>Podstawa prawna:<br \/>\n<a href=\"https:\/\/isap.sejm.gov.pl\/isap.nsf\/download.xsp\/WDU20240001585\/O\/D20241585.pdf\" class=\"link\">Ustawa z dnia 1 pa\u017adziernika 2024 r. o zmianie niekt\u00f3rych ustaw w celu wsparcia przedsi\u0119biorc\u00f3w zatrudniaj\u0105cych \u017co\u0142nierzy Obrony Terytorialnej lub \u017co\u0142nierzy Aktywnej Rezerwy<\/a><\/p>\n","protected":false},"excerpt":{"rendered":"<p>Z ko\u0144cem roku podatkowego warto przypomnie\u0107 o nowej preferencji, z kt\u00f3rej przedsi\u0119biorcy b\u0119d\u0105 mogli skorzysta\u0107 po raz pierwszy w rozliczeniu..<\/p>\n<div class=\"clear\"><\/div><a class=\"more-link\" href=\"https:\/\/hlb-poland.global\/pl\/ulga-podatkowa-na-zolnierzy-wot-i-ar-zasady-dla-pracodawcow\/\"> Dowiedz si\u0119 wi\u0119cej <\/a>","protected":false},"author":4,"featured_media":18101,"comment_status":"open","ping_status":"closed","sticky":false,"template":"press-room-with-footer.php","format":"standard","meta":{"_acf_changed":false,"footnotes":""},"categories":[250],"tags":[1429,331,1271,1197,1198,1192,999,1220],"class_list":["post-18100","post","type-post","status-publish","format-standard","has-post-thumbnail","hentry","category-informacje-prasowe","tag-2025-pl","tag-hr-pl","tag-kadry","tag-podatek-dochodowy-od-osob-fizycznych-pit","tag-podatek-dochodowy-od-osob-prawnych-cit","tag-prawo-podatkowe","tag-prawo-pracy","tag-zgodnosc-z-przepisami-podatkowymi-tax-compliance"],"acf":[],"yoast_head":"<!-- This site is optimized with the Yoast SEO plugin v27.2 - https:\/\/yoast.com\/product\/yoast-seo-wordpress\/ -->\n<title>Ulga podatkowa na \u017co\u0142nierzy WOT i AR<\/title>\n<meta name=\"description\" content=\"Ulga na zatrudnianie \u017co\u0142nierzy WOT i AR pozwala zmniejszy\u0107 podstaw\u0119 opodatkowania, a w praktyce prze\u0142o\u017cy\u0107 si\u0119 na oszcz\u0119dno\u015bci podatkowe.\" \/>\n<meta name=\"robots\" content=\"index, follow, max-snippet:-1, max-image-preview:large, max-video-preview:-1\" \/>\n<link rel=\"canonical\" href=\"https:\/\/hlb-poland.global\/pl\/ulga-podatkowa-na-zolnierzy-wot-i-ar-zasady-dla-pracodawcow\/\" \/>\n<meta property=\"og:locale\" content=\"pl_PL\" \/>\n<meta property=\"og:type\" content=\"article\" \/>\n<meta property=\"og:title\" content=\"Ulga podatkowa na \u017co\u0142nierzy WOT i AR\" \/>\n<meta property=\"og:description\" content=\"Ulga na zatrudnianie \u017co\u0142nierzy WOT i AR pozwala zmniejszy\u0107 podstaw\u0119 opodatkowania, a w praktyce prze\u0142o\u017cy\u0107 si\u0119 na oszcz\u0119dno\u015bci podatkowe.\" \/>\n<meta property=\"og:url\" content=\"https:\/\/hlb-poland.global\/pl\/ulga-podatkowa-na-zolnierzy-wot-i-ar-zasady-dla-pracodawcow\/\" \/>\n<meta property=\"og:site_name\" content=\"HLB Poland\" \/>\n<meta property=\"article:publisher\" content=\"https:\/\/www.facebook.com\/HLBPoland\" \/>\n<meta property=\"article:published_time\" content=\"2025-09-23T12:26:41+00:00\" \/>\n<meta property=\"og:image\" content=\"https:\/\/hlb-poland.global\/wp-content\/uploads\/2025\/09\/ulga-podatkowa-na-zolnierzy-wot-i-ar-zasady-dla-pracodawcow-hlb.jpg\" \/>\n\t<meta property=\"og:image:width\" content=\"1116\" \/>\n\t<meta property=\"og:image:height\" content=\"586\" \/>\n\t<meta property=\"og:image:type\" content=\"image\/jpeg\" \/>\n<meta name=\"author\" content=\"HLB Poland\" \/>\n<meta name=\"twitter:card\" content=\"summary_large_image\" \/>\n<meta name=\"twitter:label1\" content=\"Napisane przez\" \/>\n\t<meta name=\"twitter:data1\" content=\"HLB Poland\" \/>\n\t<meta name=\"twitter:label2\" content=\"Szacowany czas czytania\" \/>\n\t<meta name=\"twitter:data2\" content=\"1 minuta\" \/>\n<script type=\"application\/ld+json\" class=\"yoast-schema-graph\">{\"@context\":\"https:\/\/schema.org\",\"@graph\":[{\"@type\":\"Article\",\"@id\":\"https:\/\/hlb-poland.global\/pl\/ulga-podatkowa-na-zolnierzy-wot-i-ar-zasady-dla-pracodawcow\/#article\",\"isPartOf\":{\"@id\":\"https:\/\/hlb-poland.global\/pl\/ulga-podatkowa-na-zolnierzy-wot-i-ar-zasady-dla-pracodawcow\/\"},\"author\":{\"name\":\"HLB Poland\",\"@id\":\"https:\/\/hlb-poland.global\/#\/schema\/person\/ea4195936503cebcda5018abaa3182f0\"},\"headline\":\"Ulga podatkowa na \u017co\u0142nierzy WOT i AR \u2013 zasady dla pracodawc\u00f3w\",\"datePublished\":\"2025-09-23T12:26:41+00:00\",\"mainEntityOfPage\":{\"@id\":\"https:\/\/hlb-poland.global\/pl\/ulga-podatkowa-na-zolnierzy-wot-i-ar-zasady-dla-pracodawcow\/\"},\"wordCount\":1335,\"commentCount\":0,\"publisher\":{\"@id\":\"https:\/\/hlb-poland.global\/#organization\"},\"image\":{\"@id\":\"https:\/\/hlb-poland.global\/pl\/ulga-podatkowa-na-zolnierzy-wot-i-ar-zasady-dla-pracodawcow\/#primaryimage\"},\"thumbnailUrl\":\"https:\/\/hlb-poland.global\/wp-content\/uploads\/2025\/09\/ulga-podatkowa-na-zolnierzy-wot-i-ar-zasady-dla-pracodawcow-hlb.jpg\",\"keywords\":[\"2025\",\"HR\",\"Kadry\",\"Podatek dochodowy od os\u00f3b fizycznych (PIT)\",\"Podatek dochodowy od os\u00f3b prawnych (CIT)\",\"Prawo podatkowe\",\"Prawo pracy\",\"Zgodno\u015b\u0107 z przepisami podatkowymi (Tax Compliance)\"],\"articleSection\":[\"Informacje prasowe od HLB Poland\"],\"inLanguage\":\"pl-PL\",\"potentialAction\":[{\"@type\":\"CommentAction\",\"name\":\"Comment\",\"target\":[\"https:\/\/hlb-poland.global\/pl\/ulga-podatkowa-na-zolnierzy-wot-i-ar-zasady-dla-pracodawcow\/#respond\"]}]},{\"@type\":\"WebPage\",\"@id\":\"https:\/\/hlb-poland.global\/pl\/ulga-podatkowa-na-zolnierzy-wot-i-ar-zasady-dla-pracodawcow\/\",\"url\":\"https:\/\/hlb-poland.global\/pl\/ulga-podatkowa-na-zolnierzy-wot-i-ar-zasady-dla-pracodawcow\/\",\"name\":\"Ulga podatkowa na \u017co\u0142nierzy WOT i AR\",\"isPartOf\":{\"@id\":\"https:\/\/hlb-poland.global\/#website\"},\"primaryImageOfPage\":{\"@id\":\"https:\/\/hlb-poland.global\/pl\/ulga-podatkowa-na-zolnierzy-wot-i-ar-zasady-dla-pracodawcow\/#primaryimage\"},\"image\":{\"@id\":\"https:\/\/hlb-poland.global\/pl\/ulga-podatkowa-na-zolnierzy-wot-i-ar-zasady-dla-pracodawcow\/#primaryimage\"},\"thumbnailUrl\":\"https:\/\/hlb-poland.global\/wp-content\/uploads\/2025\/09\/ulga-podatkowa-na-zolnierzy-wot-i-ar-zasady-dla-pracodawcow-hlb.jpg\",\"datePublished\":\"2025-09-23T12:26:41+00:00\",\"description\":\"Ulga na zatrudnianie \u017co\u0142nierzy WOT i AR pozwala zmniejszy\u0107 podstaw\u0119 opodatkowania, a w praktyce prze\u0142o\u017cy\u0107 si\u0119 na oszcz\u0119dno\u015bci podatkowe.\",\"breadcrumb\":{\"@id\":\"https:\/\/hlb-poland.global\/pl\/ulga-podatkowa-na-zolnierzy-wot-i-ar-zasady-dla-pracodawcow\/#breadcrumb\"},\"inLanguage\":\"pl-PL\",\"potentialAction\":[{\"@type\":\"ReadAction\",\"target\":[\"https:\/\/hlb-poland.global\/pl\/ulga-podatkowa-na-zolnierzy-wot-i-ar-zasady-dla-pracodawcow\/\"]}]},{\"@type\":\"ImageObject\",\"inLanguage\":\"pl-PL\",\"@id\":\"https:\/\/hlb-poland.global\/pl\/ulga-podatkowa-na-zolnierzy-wot-i-ar-zasady-dla-pracodawcow\/#primaryimage\",\"url\":\"https:\/\/hlb-poland.global\/wp-content\/uploads\/2025\/09\/ulga-podatkowa-na-zolnierzy-wot-i-ar-zasady-dla-pracodawcow-hlb.jpg\",\"contentUrl\":\"https:\/\/hlb-poland.global\/wp-content\/uploads\/2025\/09\/ulga-podatkowa-na-zolnierzy-wot-i-ar-zasady-dla-pracodawcow-hlb.jpg\",\"width\":1116,\"height\":586,\"caption\":\"Ulga podatkowa na \u017co\u0142nierzy WOT i AR \u2013 zasady dla pracodawc\u00f3w\"},{\"@type\":\"BreadcrumbList\",\"@id\":\"https:\/\/hlb-poland.global\/pl\/ulga-podatkowa-na-zolnierzy-wot-i-ar-zasady-dla-pracodawcow\/#breadcrumb\",\"itemListElement\":[{\"@type\":\"ListItem\",\"position\":1,\"name\":\"Strona g\u0142\u00f3wna\",\"item\":\"https:\/\/hlb-poland.global\/pl\/\"},{\"@type\":\"ListItem\",\"position\":2,\"name\":\"Ulga podatkowa na \u017co\u0142nierzy WOT i AR \u2013 zasady dla pracodawc\u00f3w\"}]},{\"@type\":\"WebSite\",\"@id\":\"https:\/\/hlb-poland.global\/#website\",\"url\":\"https:\/\/hlb-poland.global\/\",\"name\":\"HLB Poland\",\"description\":\"Advisory and accounting\",\"publisher\":{\"@id\":\"https:\/\/hlb-poland.global\/#organization\"},\"potentialAction\":[{\"@type\":\"SearchAction\",\"target\":{\"@type\":\"EntryPoint\",\"urlTemplate\":\"https:\/\/hlb-poland.global\/?s={search_term_string}\"},\"query-input\":{\"@type\":\"PropertyValueSpecification\",\"valueRequired\":true,\"valueName\":\"search_term_string\"}}],\"inLanguage\":\"pl-PL\"},{\"@type\":\"Organization\",\"@id\":\"https:\/\/hlb-poland.global\/#organization\",\"name\":\"HLB Poland\",\"url\":\"https:\/\/hlb-poland.global\/\",\"logo\":{\"@type\":\"ImageObject\",\"inLanguage\":\"pl-PL\",\"@id\":\"https:\/\/hlb-poland.global\/#\/schema\/logo\/image\/\",\"url\":\"https:\/\/hlb-poland.global\/wp-content\/uploads\/2025\/12\/hlb-poland-og-image.png\",\"contentUrl\":\"https:\/\/hlb-poland.global\/wp-content\/uploads\/2025\/12\/hlb-poland-og-image.png\",\"width\":1200,\"height\":630,\"caption\":\"HLB Poland\"},\"image\":{\"@id\":\"https:\/\/hlb-poland.global\/#\/schema\/logo\/image\/\"},\"sameAs\":[\"https:\/\/www.facebook.com\/HLBPoland\",\"https:\/\/www.linkedin.com\/company\/hlb-poland\"]},{\"@type\":\"Person\",\"@id\":\"https:\/\/hlb-poland.global\/#\/schema\/person\/ea4195936503cebcda5018abaa3182f0\",\"name\":\"HLB Poland\",\"image\":{\"@type\":\"ImageObject\",\"inLanguage\":\"pl-PL\",\"@id\":\"https:\/\/secure.gravatar.com\/avatar\/f8c08eab88f3884687a4b0931b327fb8fd9e8fbde701da5573e0899fac7b0180?s=96&d=mm&r=g\",\"url\":\"https:\/\/secure.gravatar.com\/avatar\/f8c08eab88f3884687a4b0931b327fb8fd9e8fbde701da5573e0899fac7b0180?s=96&d=mm&r=g\",\"contentUrl\":\"https:\/\/secure.gravatar.com\/avatar\/f8c08eab88f3884687a4b0931b327fb8fd9e8fbde701da5573e0899fac7b0180?s=96&d=mm&r=g\",\"caption\":\"HLB Poland\"}}]}<\/script>\n<!-- \/ Yoast SEO plugin. -->","yoast_head_json":{"title":"Ulga podatkowa na \u017co\u0142nierzy WOT i AR","description":"Ulga na zatrudnianie \u017co\u0142nierzy WOT i AR pozwala zmniejszy\u0107 podstaw\u0119 opodatkowania, a w praktyce prze\u0142o\u017cy\u0107 si\u0119 na oszcz\u0119dno\u015bci podatkowe.","robots":{"index":"index","follow":"follow","max-snippet":"max-snippet:-1","max-image-preview":"max-image-preview:large","max-video-preview":"max-video-preview:-1"},"canonical":"https:\/\/hlb-poland.global\/pl\/ulga-podatkowa-na-zolnierzy-wot-i-ar-zasady-dla-pracodawcow\/","og_locale":"pl_PL","og_type":"article","og_title":"Ulga podatkowa na \u017co\u0142nierzy WOT i AR","og_description":"Ulga na zatrudnianie \u017co\u0142nierzy WOT i AR pozwala zmniejszy\u0107 podstaw\u0119 opodatkowania, a w praktyce prze\u0142o\u017cy\u0107 si\u0119 na oszcz\u0119dno\u015bci podatkowe.","og_url":"https:\/\/hlb-poland.global\/pl\/ulga-podatkowa-na-zolnierzy-wot-i-ar-zasady-dla-pracodawcow\/","og_site_name":"HLB Poland","article_publisher":"https:\/\/www.facebook.com\/HLBPoland","article_published_time":"2025-09-23T12:26:41+00:00","og_image":[{"width":1116,"height":586,"url":"https:\/\/hlb-poland.global\/wp-content\/uploads\/2025\/09\/ulga-podatkowa-na-zolnierzy-wot-i-ar-zasady-dla-pracodawcow-hlb.jpg","type":"image\/jpeg"}],"author":"HLB Poland","twitter_card":"summary_large_image","twitter_misc":{"Napisane przez":"HLB Poland","Szacowany czas czytania":"1 minuta"},"schema":{"@context":"https:\/\/schema.org","@graph":[{"@type":"Article","@id":"https:\/\/hlb-poland.global\/pl\/ulga-podatkowa-na-zolnierzy-wot-i-ar-zasady-dla-pracodawcow\/#article","isPartOf":{"@id":"https:\/\/hlb-poland.global\/pl\/ulga-podatkowa-na-zolnierzy-wot-i-ar-zasady-dla-pracodawcow\/"},"author":{"name":"HLB Poland","@id":"https:\/\/hlb-poland.global\/#\/schema\/person\/ea4195936503cebcda5018abaa3182f0"},"headline":"Ulga podatkowa na \u017co\u0142nierzy WOT i AR \u2013 zasady dla pracodawc\u00f3w","datePublished":"2025-09-23T12:26:41+00:00","mainEntityOfPage":{"@id":"https:\/\/hlb-poland.global\/pl\/ulga-podatkowa-na-zolnierzy-wot-i-ar-zasady-dla-pracodawcow\/"},"wordCount":1335,"commentCount":0,"publisher":{"@id":"https:\/\/hlb-poland.global\/#organization"},"image":{"@id":"https:\/\/hlb-poland.global\/pl\/ulga-podatkowa-na-zolnierzy-wot-i-ar-zasady-dla-pracodawcow\/#primaryimage"},"thumbnailUrl":"https:\/\/hlb-poland.global\/wp-content\/uploads\/2025\/09\/ulga-podatkowa-na-zolnierzy-wot-i-ar-zasady-dla-pracodawcow-hlb.jpg","keywords":["2025","HR","Kadry","Podatek dochodowy od os\u00f3b fizycznych (PIT)","Podatek dochodowy od os\u00f3b prawnych (CIT)","Prawo podatkowe","Prawo pracy","Zgodno\u015b\u0107 z przepisami podatkowymi (Tax Compliance)"],"articleSection":["Informacje prasowe od HLB Poland"],"inLanguage":"pl-PL","potentialAction":[{"@type":"CommentAction","name":"Comment","target":["https:\/\/hlb-poland.global\/pl\/ulga-podatkowa-na-zolnierzy-wot-i-ar-zasady-dla-pracodawcow\/#respond"]}]},{"@type":"WebPage","@id":"https:\/\/hlb-poland.global\/pl\/ulga-podatkowa-na-zolnierzy-wot-i-ar-zasady-dla-pracodawcow\/","url":"https:\/\/hlb-poland.global\/pl\/ulga-podatkowa-na-zolnierzy-wot-i-ar-zasady-dla-pracodawcow\/","name":"Ulga podatkowa na \u017co\u0142nierzy WOT i AR","isPartOf":{"@id":"https:\/\/hlb-poland.global\/#website"},"primaryImageOfPage":{"@id":"https:\/\/hlb-poland.global\/pl\/ulga-podatkowa-na-zolnierzy-wot-i-ar-zasady-dla-pracodawcow\/#primaryimage"},"image":{"@id":"https:\/\/hlb-poland.global\/pl\/ulga-podatkowa-na-zolnierzy-wot-i-ar-zasady-dla-pracodawcow\/#primaryimage"},"thumbnailUrl":"https:\/\/hlb-poland.global\/wp-content\/uploads\/2025\/09\/ulga-podatkowa-na-zolnierzy-wot-i-ar-zasady-dla-pracodawcow-hlb.jpg","datePublished":"2025-09-23T12:26:41+00:00","description":"Ulga na zatrudnianie \u017co\u0142nierzy WOT i AR pozwala zmniejszy\u0107 podstaw\u0119 opodatkowania, a w praktyce prze\u0142o\u017cy\u0107 si\u0119 na oszcz\u0119dno\u015bci podatkowe.","breadcrumb":{"@id":"https:\/\/hlb-poland.global\/pl\/ulga-podatkowa-na-zolnierzy-wot-i-ar-zasady-dla-pracodawcow\/#breadcrumb"},"inLanguage":"pl-PL","potentialAction":[{"@type":"ReadAction","target":["https:\/\/hlb-poland.global\/pl\/ulga-podatkowa-na-zolnierzy-wot-i-ar-zasady-dla-pracodawcow\/"]}]},{"@type":"ImageObject","inLanguage":"pl-PL","@id":"https:\/\/hlb-poland.global\/pl\/ulga-podatkowa-na-zolnierzy-wot-i-ar-zasady-dla-pracodawcow\/#primaryimage","url":"https:\/\/hlb-poland.global\/wp-content\/uploads\/2025\/09\/ulga-podatkowa-na-zolnierzy-wot-i-ar-zasady-dla-pracodawcow-hlb.jpg","contentUrl":"https:\/\/hlb-poland.global\/wp-content\/uploads\/2025\/09\/ulga-podatkowa-na-zolnierzy-wot-i-ar-zasady-dla-pracodawcow-hlb.jpg","width":1116,"height":586,"caption":"Ulga podatkowa na \u017co\u0142nierzy WOT i AR \u2013 zasady dla pracodawc\u00f3w"},{"@type":"BreadcrumbList","@id":"https:\/\/hlb-poland.global\/pl\/ulga-podatkowa-na-zolnierzy-wot-i-ar-zasady-dla-pracodawcow\/#breadcrumb","itemListElement":[{"@type":"ListItem","position":1,"name":"Strona g\u0142\u00f3wna","item":"https:\/\/hlb-poland.global\/pl\/"},{"@type":"ListItem","position":2,"name":"Ulga podatkowa na \u017co\u0142nierzy WOT i AR \u2013 zasady dla pracodawc\u00f3w"}]},{"@type":"WebSite","@id":"https:\/\/hlb-poland.global\/#website","url":"https:\/\/hlb-poland.global\/","name":"HLB Poland","description":"Advisory and accounting","publisher":{"@id":"https:\/\/hlb-poland.global\/#organization"},"potentialAction":[{"@type":"SearchAction","target":{"@type":"EntryPoint","urlTemplate":"https:\/\/hlb-poland.global\/?s={search_term_string}"},"query-input":{"@type":"PropertyValueSpecification","valueRequired":true,"valueName":"search_term_string"}}],"inLanguage":"pl-PL"},{"@type":"Organization","@id":"https:\/\/hlb-poland.global\/#organization","name":"HLB Poland","url":"https:\/\/hlb-poland.global\/","logo":{"@type":"ImageObject","inLanguage":"pl-PL","@id":"https:\/\/hlb-poland.global\/#\/schema\/logo\/image\/","url":"https:\/\/hlb-poland.global\/wp-content\/uploads\/2025\/12\/hlb-poland-og-image.png","contentUrl":"https:\/\/hlb-poland.global\/wp-content\/uploads\/2025\/12\/hlb-poland-og-image.png","width":1200,"height":630,"caption":"HLB Poland"},"image":{"@id":"https:\/\/hlb-poland.global\/#\/schema\/logo\/image\/"},"sameAs":["https:\/\/www.facebook.com\/HLBPoland","https:\/\/www.linkedin.com\/company\/hlb-poland"]},{"@type":"Person","@id":"https:\/\/hlb-poland.global\/#\/schema\/person\/ea4195936503cebcda5018abaa3182f0","name":"HLB Poland","image":{"@type":"ImageObject","inLanguage":"pl-PL","@id":"https:\/\/secure.gravatar.com\/avatar\/f8c08eab88f3884687a4b0931b327fb8fd9e8fbde701da5573e0899fac7b0180?s=96&d=mm&r=g","url":"https:\/\/secure.gravatar.com\/avatar\/f8c08eab88f3884687a4b0931b327fb8fd9e8fbde701da5573e0899fac7b0180?s=96&d=mm&r=g","contentUrl":"https:\/\/secure.gravatar.com\/avatar\/f8c08eab88f3884687a4b0931b327fb8fd9e8fbde701da5573e0899fac7b0180?s=96&d=mm&r=g","caption":"HLB Poland"}}]}},"_links":{"self":[{"href":"https:\/\/hlb-poland.global\/pl\/wp-json\/wp\/v2\/posts\/18100","targetHints":{"allow":["GET"]}}],"collection":[{"href":"https:\/\/hlb-poland.global\/pl\/wp-json\/wp\/v2\/posts"}],"about":[{"href":"https:\/\/hlb-poland.global\/pl\/wp-json\/wp\/v2\/types\/post"}],"author":[{"embeddable":true,"href":"https:\/\/hlb-poland.global\/pl\/wp-json\/wp\/v2\/users\/4"}],"replies":[{"embeddable":true,"href":"https:\/\/hlb-poland.global\/pl\/wp-json\/wp\/v2\/comments?post=18100"}],"version-history":[{"count":1,"href":"https:\/\/hlb-poland.global\/pl\/wp-json\/wp\/v2\/posts\/18100\/revisions"}],"predecessor-version":[{"id":18105,"href":"https:\/\/hlb-poland.global\/pl\/wp-json\/wp\/v2\/posts\/18100\/revisions\/18105"}],"wp:featuredmedia":[{"embeddable":true,"href":"https:\/\/hlb-poland.global\/pl\/wp-json\/wp\/v2\/media\/18101"}],"wp:attachment":[{"href":"https:\/\/hlb-poland.global\/pl\/wp-json\/wp\/v2\/media?parent=18100"}],"wp:term":[{"taxonomy":"category","embeddable":true,"href":"https:\/\/hlb-poland.global\/pl\/wp-json\/wp\/v2\/categories?post=18100"},{"taxonomy":"post_tag","embeddable":true,"href":"https:\/\/hlb-poland.global\/pl\/wp-json\/wp\/v2\/tags?post=18100"}],"curies":[{"name":"wp","href":"https:\/\/api.w.org\/{rel}","templated":true}]}}