
{"id":18313,"date":"2025-10-27T10:48:19","date_gmt":"2025-10-27T09:48:19","guid":{"rendered":"https:\/\/hlb-poland.global\/?p=18313"},"modified":"2025-10-27T10:48:19","modified_gmt":"2025-10-27T09:48:19","slug":"zmiany-w-liczeniu-stazu-pracy-nowe-zasady-wliczania-okresow-zatrudnienia-i-dzialalnosci","status":"publish","type":"post","link":"https:\/\/hlb-poland.global\/pl\/zmiany-w-liczeniu-stazu-pracy-nowe-zasady-wliczania-okresow-zatrudnienia-i-dzialalnosci\/","title":{"rendered":"Zmiany w liczeniu sta\u017cu pracy \u2013 nowe zasady wliczania okres\u00f3w zatrudnienia i dzia\u0142alno\u015bci"},"content":{"rendered":"<p><img decoding=\"async\" class=\"aligncenter size-full wp-image-18000 global-commitment-globe img-fluid\" style=\"margin-bottom: 50px;\" src=\"https:\/\/hlb-poland.global\/wp-content\/uploads\/2025\/10\/zmiany-w-liczeniu-stazu-pracy-nowe-zasady-wliczania-okresow-zatrudnienia-i-dzialalnosci.jpg\" alt=\"Zmiany w liczeniu sta\u017cu pracy \u2013 nowe zasady wliczania okres\u00f3w zatrudnienia i dzia\u0142alno\u015bci\" \/><br \/>\nOd 2026 roku definicja sta\u017cu pracy ulegnie znacznemu rozszerzeniu. 15 pa\u017adziernika 2025 r. Prezydent RP Karol Nawrocki podpisa\u0142 nowelizacj\u0119 Kodeksu pracy, kt\u00f3ra umo\u017cliwi wliczanie do sta\u017cu nie tylko tradycyjnych um\u00f3w o prac\u0119, ale tak\u017ce innych form aktywno\u015bci zawodowej, takich jak prowadzenie dzia\u0142alno\u015bci gospodarczej czy wykonywanie zlece\u0144.<\/p>\n<p>Nowe przepisy maj\u0105 na celu wyr\u00f3wnanie szans pracownik\u00f3w i przedsi\u0119biorc\u00f3w w dost\u0119pie do \u015bwiadcze\u0144 oraz uprawnie\u0144 wynikaj\u0105cych z d\u0142ugo\u015bci sta\u017cu pracy.<\/p>\n<hr\/>\n<h2>Co wliczy si\u0119 do sta\u017cu pracy wed\u0142ug nowych przepis\u00f3w<\/h2>\n<p>Zgodnie z nowelizacj\u0105, do sta\u017cu pracy b\u0119d\u0105 wliczane nie tylko okresy zatrudnienia na podstawie umowy o prac\u0119, ale r\u00f3wnie\u017c:<\/p>\n<ul>\n<li>prowadzenie pozarolniczej dzia\u0142alno\u015bci gospodarczej,<\/li>\n<li>wsp\u00f3\u0142praca z osob\u0105 prowadz\u0105c\u0105 dzia\u0142alno\u015b\u0107 gospodarcz\u0105,<\/li>\n<li>okres zawieszenia dzia\u0142alno\u015bci w celu sprawowania osobistej opieki nad dzieckiem,<\/li>\n<li>wykonywanie pracy na podstawie um\u00f3w zlecenia, \u015bwiadczenia us\u0142ug i um\u00f3w agencyjnych,<\/li>\n<li>cz\u0142onkostwo w rolniczych sp\u00f3\u0142dzielniach produkcyjnych i sp\u00f3\u0142dzielniach k\u00f3\u0142ek rolniczych,<\/li>\n<li>udokumentowane okresy wykonywania pracy zarobkowej za granic\u0105, innej ni\u017c zatrudnienie,<\/li>\n<li>okresy s\u0142u\u017cby w Stra\u017cy Marsza\u0142kowskiej i w S\u0142u\u017cbie Celno-Skarbowej.<\/li>\n<\/ul>\n<p>Te zmiany oznaczaj\u0105, \u017ce wiele os\u00f3b prowadz\u0105cych w\u0142asne firmy lub pracuj\u0105cych na umowach cywilnoprawnych zyska prawo do wy\u017cszego dodatku sta\u017cowego oraz d\u0142u\u017cszego urlopu wypoczynkowego.<\/p>\n<hr\/>\n<h2>Dokumentowanie sta\u017cu pracy \u2013 rola ZUS i obowi\u0105zki pracownik\u00f3w<\/h2>\n<p>Potwierdzenie nowych okres\u00f3w sta\u017cu pracy b\u0119dzie odbywa\u0107 si\u0119 na podstawie za\u015bwiadcze\u0144 wydawanych przez Zak\u0142ad Ubezpiecze\u0144 Spo\u0142ecznych.<\/p>\n<p>W przypadkach, gdy ZUS nie b\u0119dzie m\u00f3g\u0142 wyda\u0107 takiego dokumentu (np. z powodu up\u0142ywu czasu), pracownik b\u0119dzie mia\u0142 mo\u017cliwo\u015b\u0107 udokumentowania swojego sta\u017cu innymi dowodami \u2013 np. umowami, rachunkami czy potwierdzeniami wsp\u00f3\u0142pracy.<\/p>\n<p>Warto zaznaczy\u0107, \u017ce do sta\u017cu b\u0119d\u0105 wliczane tak\u017ce okresy sprzed wej\u015bcia w \u017cycie ustawy. Pracownicy b\u0119d\u0105 mieli 24 miesi\u0105ce na przedstawienie dokument\u00f3w potwierdzaj\u0105cych te okresy.<\/p>\n<hr\/>\n<h2>Kiedy wejd\u0105 w \u017cycie nowe przepisy o sta\u017cu pracy<\/h2>\n<p>Nowelizacja Kodeksu pracy wejdzie w \u017cycie w dw\u00f3ch etapach:<\/p>\n<ul>\n<li><span class=\"bold\">dla sektora publicznego<\/span> \u2013 od 1 stycznia 2026 r.,<\/li>\n<li><span class=\"bold\">dla sektora prywatnego<\/span> \u2013 od pierwszego dnia miesi\u0105ca po up\u0142ywie 6 miesi\u0119cy od og\u0142oszenia ustawy.<\/li>\n<\/ul>\n<p>Oznacza to, \u017ce ju\u017c w przysz\u0142ym roku tysi\u0105ce pracownik\u00f3w i przedsi\u0119biorc\u00f3w b\u0119d\u0105 mog\u0142y ubiega\u0107 si\u0119 o ponowne przeliczenie sta\u017cu pracy oraz wynikaj\u0105cych z niego \u015bwiadcze\u0144.<\/p>\n<hr\/>\n<h2>Dlaczego zmiany w sta\u017cu pracy s\u0105 tak wa\u017cne<\/h2>\n<p>Zgodnie z komunikatem Kancelarii Prezydenta RP, nowelizacja ma na celu \u201ezlikwidowanie nier\u00f3wno\u015bci w traktowaniu pracownik\u00f3w ze wzgl\u0119du na rodzaj wcze\u015bniej podejmowanej aktywno\u015bci zawodowej\u201d.<\/p>\n<p>Ministerstwo Rodziny, Pracy i Polityki Spo\u0142ecznej podkre\u015bla, \u017ce to \u201ekoniec dzielenia uczciwie wykonanej pracy na bardziej lub mniej godn\u0105 docenienia\u201d.<\/p>\n<p>W praktyce oznacza to, \u017ce sta\u017c pracy stanie si\u0119 bardziej sprawiedliwym miernikiem do\u015bwiadczenia zawodowego, niezale\u017cnie od formy zatrudnienia. Dzi\u0119ki temu wiele os\u00f3b zyska prawo do dodatk\u00f3w sta\u017cowych, nagr\u00f3d jubileuszowych czy d\u0142u\u017cszego urlopu.<\/p>\n<hr\/>\n<p>Nowe przepisy dotycz\u0105ce sta\u017cu pracy to krok w stron\u0119 r\u00f3wnego traktowania wszystkich pracuj\u0105cych. Wliczenie okres\u00f3w dzia\u0142alno\u015bci gospodarczej, um\u00f3w cywilnoprawnych i pracy za granic\u0105 do sta\u017cu oznacza realne korzy\u015bci dla tysi\u0119cy os\u00f3b.<\/p>\n<p>Warto ju\u017c teraz przygotowa\u0107 odpowiednie dokumenty i \u015bledzi\u0107 komunikaty ZUS, aby po wej\u015bciu w \u017cycie nowych zasad skutecznie udokumentowa\u0107 swoje do\u015bwiadczenie zawodowe.<\/p>\n<hr\/>\n<p><span class=\"bold\">Podstawa prawna:<\/span><br \/>\n<a href=\"https:\/\/orka.sejm.gov.pl\/opinie10.nsf\/nazwa\/1404_u\/$file\/1404_u.pdf\" class=\"link\">Ustawa z dnia 26 wrze\u015bnia 2025 r. o zmianie ustawy \u2013 Kodeks pracy oraz niekt\u00f3rych innych ustaw<\/a><\/p>\n","protected":false},"excerpt":{"rendered":"<p>Od 2026 roku definicja sta\u017cu pracy ulegnie znacznemu rozszerzeniu. 15 pa\u017adziernika 2025 r. Prezydent RP Karol Nawrocki podpisa\u0142 nowelizacj\u0119 Kodeksu..<\/p>\n<div class=\"clear\"><\/div><a class=\"more-link\" href=\"https:\/\/hlb-poland.global\/pl\/zmiany-w-liczeniu-stazu-pracy-nowe-zasady-wliczania-okresow-zatrudnienia-i-dzialalnosci\/\"> Dowiedz si\u0119 wi\u0119cej <\/a>","protected":false},"author":4,"featured_media":18314,"comment_status":"open","ping_status":"closed","sticky":false,"template":"press-room-with-footer.php","format":"standard","meta":{"_acf_changed":false,"footnotes":""},"categories":[250],"tags":[1429,331,1271,999],"class_list":["post-18313","post","type-post","status-publish","format-standard","has-post-thumbnail","hentry","category-informacje-prasowe","tag-2025-pl","tag-hr-pl","tag-kadry","tag-prawo-pracy"],"acf":[],"yoast_head":"<!-- This site is optimized with the Yoast SEO plugin v27.2 - https:\/\/yoast.com\/product\/yoast-seo-wordpress\/ -->\n<title>Zmiany w liczeniu sta\u017cu pracy \u2013 nowe zasady<\/title>\n<meta name=\"description\" content=\"Od 2026 roku zmieniaj\u0105 si\u0119 zasady wliczania okres\u00f3w do sta\u017cu pracy. Sprawd\u017a, co nowego obejmuje definicja sta\u017cu pracy.\" \/>\n<meta name=\"robots\" content=\"index, follow, max-snippet:-1, max-image-preview:large, max-video-preview:-1\" \/>\n<link rel=\"canonical\" href=\"https:\/\/hlb-poland.global\/pl\/zmiany-w-liczeniu-stazu-pracy-nowe-zasady-wliczania-okresow-zatrudnienia-i-dzialalnosci\/\" \/>\n<meta property=\"og:locale\" content=\"pl_PL\" \/>\n<meta property=\"og:type\" content=\"article\" \/>\n<meta property=\"og:title\" content=\"Zmiany w liczeniu sta\u017cu pracy \u2013 nowe zasady\" \/>\n<meta property=\"og:description\" content=\"Od 2026 roku zmieniaj\u0105 si\u0119 zasady wliczania okres\u00f3w do sta\u017cu pracy. Sprawd\u017a, co nowego obejmuje definicja sta\u017cu pracy.\" \/>\n<meta property=\"og:url\" content=\"https:\/\/hlb-poland.global\/pl\/zmiany-w-liczeniu-stazu-pracy-nowe-zasady-wliczania-okresow-zatrudnienia-i-dzialalnosci\/\" \/>\n<meta property=\"og:site_name\" content=\"HLB Poland\" \/>\n<meta property=\"article:publisher\" content=\"https:\/\/www.facebook.com\/HLBPoland\" \/>\n<meta property=\"article:published_time\" content=\"2025-10-27T09:48:19+00:00\" \/>\n<meta property=\"og:image\" content=\"https:\/\/hlb-poland.global\/wp-content\/uploads\/2025\/10\/zmiany-w-liczeniu-stazu-pracy-nowe-zasady-wliczania-okresow-zatrudnienia-i-dzialalnosci.jpg\" \/>\n\t<meta property=\"og:image:width\" content=\"1116\" \/>\n\t<meta property=\"og:image:height\" content=\"586\" \/>\n\t<meta property=\"og:image:type\" content=\"image\/jpeg\" \/>\n<meta name=\"author\" content=\"HLB Poland\" \/>\n<meta name=\"twitter:card\" content=\"summary_large_image\" \/>\n<meta name=\"twitter:label1\" content=\"Napisane przez\" \/>\n\t<meta name=\"twitter:data1\" content=\"HLB Poland\" \/>\n\t<meta name=\"twitter:label2\" content=\"Szacowany czas czytania\" \/>\n\t<meta name=\"twitter:data2\" content=\"1 minuta\" \/>\n<script type=\"application\/ld+json\" class=\"yoast-schema-graph\">{\"@context\":\"https:\/\/schema.org\",\"@graph\":[{\"@type\":\"Article\",\"@id\":\"https:\/\/hlb-poland.global\/pl\/zmiany-w-liczeniu-stazu-pracy-nowe-zasady-wliczania-okresow-zatrudnienia-i-dzialalnosci\/#article\",\"isPartOf\":{\"@id\":\"https:\/\/hlb-poland.global\/pl\/zmiany-w-liczeniu-stazu-pracy-nowe-zasady-wliczania-okresow-zatrudnienia-i-dzialalnosci\/\"},\"author\":{\"name\":\"HLB Poland\",\"@id\":\"https:\/\/hlb-poland.global\/#\/schema\/person\/ea4195936503cebcda5018abaa3182f0\"},\"headline\":\"Zmiany w liczeniu sta\u017cu pracy \u2013 nowe zasady wliczania okres\u00f3w zatrudnienia i dzia\u0142alno\u015bci\",\"datePublished\":\"2025-10-27T09:48:19+00:00\",\"mainEntityOfPage\":{\"@id\":\"https:\/\/hlb-poland.global\/pl\/zmiany-w-liczeniu-stazu-pracy-nowe-zasady-wliczania-okresow-zatrudnienia-i-dzialalnosci\/\"},\"wordCount\":610,\"commentCount\":0,\"publisher\":{\"@id\":\"https:\/\/hlb-poland.global\/#organization\"},\"image\":{\"@id\":\"https:\/\/hlb-poland.global\/pl\/zmiany-w-liczeniu-stazu-pracy-nowe-zasady-wliczania-okresow-zatrudnienia-i-dzialalnosci\/#primaryimage\"},\"thumbnailUrl\":\"https:\/\/hlb-poland.global\/wp-content\/uploads\/2025\/10\/zmiany-w-liczeniu-stazu-pracy-nowe-zasady-wliczania-okresow-zatrudnienia-i-dzialalnosci.jpg\",\"keywords\":[\"2025\",\"HR\",\"Kadry\",\"Prawo pracy\"],\"articleSection\":[\"Informacje prasowe od HLB Poland\"],\"inLanguage\":\"pl-PL\",\"potentialAction\":[{\"@type\":\"CommentAction\",\"name\":\"Comment\",\"target\":[\"https:\/\/hlb-poland.global\/pl\/zmiany-w-liczeniu-stazu-pracy-nowe-zasady-wliczania-okresow-zatrudnienia-i-dzialalnosci\/#respond\"]}]},{\"@type\":\"WebPage\",\"@id\":\"https:\/\/hlb-poland.global\/pl\/zmiany-w-liczeniu-stazu-pracy-nowe-zasady-wliczania-okresow-zatrudnienia-i-dzialalnosci\/\",\"url\":\"https:\/\/hlb-poland.global\/pl\/zmiany-w-liczeniu-stazu-pracy-nowe-zasady-wliczania-okresow-zatrudnienia-i-dzialalnosci\/\",\"name\":\"Zmiany w liczeniu sta\u017cu pracy \u2013 nowe zasady\",\"isPartOf\":{\"@id\":\"https:\/\/hlb-poland.global\/#website\"},\"primaryImageOfPage\":{\"@id\":\"https:\/\/hlb-poland.global\/pl\/zmiany-w-liczeniu-stazu-pracy-nowe-zasady-wliczania-okresow-zatrudnienia-i-dzialalnosci\/#primaryimage\"},\"image\":{\"@id\":\"https:\/\/hlb-poland.global\/pl\/zmiany-w-liczeniu-stazu-pracy-nowe-zasady-wliczania-okresow-zatrudnienia-i-dzialalnosci\/#primaryimage\"},\"thumbnailUrl\":\"https:\/\/hlb-poland.global\/wp-content\/uploads\/2025\/10\/zmiany-w-liczeniu-stazu-pracy-nowe-zasady-wliczania-okresow-zatrudnienia-i-dzialalnosci.jpg\",\"datePublished\":\"2025-10-27T09:48:19+00:00\",\"description\":\"Od 2026 roku zmieniaj\u0105 si\u0119 zasady wliczania okres\u00f3w do sta\u017cu pracy. Sprawd\u017a, co nowego obejmuje definicja sta\u017cu pracy.\",\"breadcrumb\":{\"@id\":\"https:\/\/hlb-poland.global\/pl\/zmiany-w-liczeniu-stazu-pracy-nowe-zasady-wliczania-okresow-zatrudnienia-i-dzialalnosci\/#breadcrumb\"},\"inLanguage\":\"pl-PL\",\"potentialAction\":[{\"@type\":\"ReadAction\",\"target\":[\"https:\/\/hlb-poland.global\/pl\/zmiany-w-liczeniu-stazu-pracy-nowe-zasady-wliczania-okresow-zatrudnienia-i-dzialalnosci\/\"]}]},{\"@type\":\"ImageObject\",\"inLanguage\":\"pl-PL\",\"@id\":\"https:\/\/hlb-poland.global\/pl\/zmiany-w-liczeniu-stazu-pracy-nowe-zasady-wliczania-okresow-zatrudnienia-i-dzialalnosci\/#primaryimage\",\"url\":\"https:\/\/hlb-poland.global\/wp-content\/uploads\/2025\/10\/zmiany-w-liczeniu-stazu-pracy-nowe-zasady-wliczania-okresow-zatrudnienia-i-dzialalnosci.jpg\",\"contentUrl\":\"https:\/\/hlb-poland.global\/wp-content\/uploads\/2025\/10\/zmiany-w-liczeniu-stazu-pracy-nowe-zasady-wliczania-okresow-zatrudnienia-i-dzialalnosci.jpg\",\"width\":1116,\"height\":586,\"caption\":\"Zmiany w liczeniu sta\u017cu pracy \u2013 nowe zasady wliczania okres\u00f3w zatrudnienia i dzia\u0142alno\u015bci\"},{\"@type\":\"BreadcrumbList\",\"@id\":\"https:\/\/hlb-poland.global\/pl\/zmiany-w-liczeniu-stazu-pracy-nowe-zasady-wliczania-okresow-zatrudnienia-i-dzialalnosci\/#breadcrumb\",\"itemListElement\":[{\"@type\":\"ListItem\",\"position\":1,\"name\":\"Strona g\u0142\u00f3wna\",\"item\":\"https:\/\/hlb-poland.global\/pl\/\"},{\"@type\":\"ListItem\",\"position\":2,\"name\":\"Zmiany w liczeniu sta\u017cu pracy \u2013 nowe zasady wliczania okres\u00f3w zatrudnienia i dzia\u0142alno\u015bci\"}]},{\"@type\":\"WebSite\",\"@id\":\"https:\/\/hlb-poland.global\/#website\",\"url\":\"https:\/\/hlb-poland.global\/\",\"name\":\"HLB Poland\",\"description\":\"Advisory and accounting\",\"publisher\":{\"@id\":\"https:\/\/hlb-poland.global\/#organization\"},\"potentialAction\":[{\"@type\":\"SearchAction\",\"target\":{\"@type\":\"EntryPoint\",\"urlTemplate\":\"https:\/\/hlb-poland.global\/?s={search_term_string}\"},\"query-input\":{\"@type\":\"PropertyValueSpecification\",\"valueRequired\":true,\"valueName\":\"search_term_string\"}}],\"inLanguage\":\"pl-PL\"},{\"@type\":\"Organization\",\"@id\":\"https:\/\/hlb-poland.global\/#organization\",\"name\":\"HLB Poland\",\"url\":\"https:\/\/hlb-poland.global\/\",\"logo\":{\"@type\":\"ImageObject\",\"inLanguage\":\"pl-PL\",\"@id\":\"https:\/\/hlb-poland.global\/#\/schema\/logo\/image\/\",\"url\":\"https:\/\/hlb-poland.global\/wp-content\/uploads\/2025\/12\/hlb-poland-og-image.png\",\"contentUrl\":\"https:\/\/hlb-poland.global\/wp-content\/uploads\/2025\/12\/hlb-poland-og-image.png\",\"width\":1200,\"height\":630,\"caption\":\"HLB Poland\"},\"image\":{\"@id\":\"https:\/\/hlb-poland.global\/#\/schema\/logo\/image\/\"},\"sameAs\":[\"https:\/\/www.facebook.com\/HLBPoland\",\"https:\/\/www.linkedin.com\/company\/hlb-poland\"]},{\"@type\":\"Person\",\"@id\":\"https:\/\/hlb-poland.global\/#\/schema\/person\/ea4195936503cebcda5018abaa3182f0\",\"name\":\"HLB Poland\",\"image\":{\"@type\":\"ImageObject\",\"inLanguage\":\"pl-PL\",\"@id\":\"https:\/\/secure.gravatar.com\/avatar\/f8c08eab88f3884687a4b0931b327fb8fd9e8fbde701da5573e0899fac7b0180?s=96&d=mm&r=g\",\"url\":\"https:\/\/secure.gravatar.com\/avatar\/f8c08eab88f3884687a4b0931b327fb8fd9e8fbde701da5573e0899fac7b0180?s=96&d=mm&r=g\",\"contentUrl\":\"https:\/\/secure.gravatar.com\/avatar\/f8c08eab88f3884687a4b0931b327fb8fd9e8fbde701da5573e0899fac7b0180?s=96&d=mm&r=g\",\"caption\":\"HLB Poland\"}}]}<\/script>\n<!-- \/ Yoast SEO plugin. -->","yoast_head_json":{"title":"Zmiany w liczeniu sta\u017cu pracy \u2013 nowe zasady","description":"Od 2026 roku zmieniaj\u0105 si\u0119 zasady wliczania okres\u00f3w do sta\u017cu pracy. Sprawd\u017a, co nowego obejmuje definicja sta\u017cu pracy.","robots":{"index":"index","follow":"follow","max-snippet":"max-snippet:-1","max-image-preview":"max-image-preview:large","max-video-preview":"max-video-preview:-1"},"canonical":"https:\/\/hlb-poland.global\/pl\/zmiany-w-liczeniu-stazu-pracy-nowe-zasady-wliczania-okresow-zatrudnienia-i-dzialalnosci\/","og_locale":"pl_PL","og_type":"article","og_title":"Zmiany w liczeniu sta\u017cu pracy \u2013 nowe zasady","og_description":"Od 2026 roku zmieniaj\u0105 si\u0119 zasady wliczania okres\u00f3w do sta\u017cu pracy. Sprawd\u017a, co nowego obejmuje definicja sta\u017cu pracy.","og_url":"https:\/\/hlb-poland.global\/pl\/zmiany-w-liczeniu-stazu-pracy-nowe-zasady-wliczania-okresow-zatrudnienia-i-dzialalnosci\/","og_site_name":"HLB Poland","article_publisher":"https:\/\/www.facebook.com\/HLBPoland","article_published_time":"2025-10-27T09:48:19+00:00","og_image":[{"width":1116,"height":586,"url":"https:\/\/hlb-poland.global\/wp-content\/uploads\/2025\/10\/zmiany-w-liczeniu-stazu-pracy-nowe-zasady-wliczania-okresow-zatrudnienia-i-dzialalnosci.jpg","type":"image\/jpeg"}],"author":"HLB Poland","twitter_card":"summary_large_image","twitter_misc":{"Napisane przez":"HLB Poland","Szacowany czas czytania":"1 minuta"},"schema":{"@context":"https:\/\/schema.org","@graph":[{"@type":"Article","@id":"https:\/\/hlb-poland.global\/pl\/zmiany-w-liczeniu-stazu-pracy-nowe-zasady-wliczania-okresow-zatrudnienia-i-dzialalnosci\/#article","isPartOf":{"@id":"https:\/\/hlb-poland.global\/pl\/zmiany-w-liczeniu-stazu-pracy-nowe-zasady-wliczania-okresow-zatrudnienia-i-dzialalnosci\/"},"author":{"name":"HLB Poland","@id":"https:\/\/hlb-poland.global\/#\/schema\/person\/ea4195936503cebcda5018abaa3182f0"},"headline":"Zmiany w liczeniu sta\u017cu pracy \u2013 nowe zasady wliczania okres\u00f3w zatrudnienia i dzia\u0142alno\u015bci","datePublished":"2025-10-27T09:48:19+00:00","mainEntityOfPage":{"@id":"https:\/\/hlb-poland.global\/pl\/zmiany-w-liczeniu-stazu-pracy-nowe-zasady-wliczania-okresow-zatrudnienia-i-dzialalnosci\/"},"wordCount":610,"commentCount":0,"publisher":{"@id":"https:\/\/hlb-poland.global\/#organization"},"image":{"@id":"https:\/\/hlb-poland.global\/pl\/zmiany-w-liczeniu-stazu-pracy-nowe-zasady-wliczania-okresow-zatrudnienia-i-dzialalnosci\/#primaryimage"},"thumbnailUrl":"https:\/\/hlb-poland.global\/wp-content\/uploads\/2025\/10\/zmiany-w-liczeniu-stazu-pracy-nowe-zasady-wliczania-okresow-zatrudnienia-i-dzialalnosci.jpg","keywords":["2025","HR","Kadry","Prawo pracy"],"articleSection":["Informacje prasowe od HLB Poland"],"inLanguage":"pl-PL","potentialAction":[{"@type":"CommentAction","name":"Comment","target":["https:\/\/hlb-poland.global\/pl\/zmiany-w-liczeniu-stazu-pracy-nowe-zasady-wliczania-okresow-zatrudnienia-i-dzialalnosci\/#respond"]}]},{"@type":"WebPage","@id":"https:\/\/hlb-poland.global\/pl\/zmiany-w-liczeniu-stazu-pracy-nowe-zasady-wliczania-okresow-zatrudnienia-i-dzialalnosci\/","url":"https:\/\/hlb-poland.global\/pl\/zmiany-w-liczeniu-stazu-pracy-nowe-zasady-wliczania-okresow-zatrudnienia-i-dzialalnosci\/","name":"Zmiany w liczeniu sta\u017cu pracy \u2013 nowe zasady","isPartOf":{"@id":"https:\/\/hlb-poland.global\/#website"},"primaryImageOfPage":{"@id":"https:\/\/hlb-poland.global\/pl\/zmiany-w-liczeniu-stazu-pracy-nowe-zasady-wliczania-okresow-zatrudnienia-i-dzialalnosci\/#primaryimage"},"image":{"@id":"https:\/\/hlb-poland.global\/pl\/zmiany-w-liczeniu-stazu-pracy-nowe-zasady-wliczania-okresow-zatrudnienia-i-dzialalnosci\/#primaryimage"},"thumbnailUrl":"https:\/\/hlb-poland.global\/wp-content\/uploads\/2025\/10\/zmiany-w-liczeniu-stazu-pracy-nowe-zasady-wliczania-okresow-zatrudnienia-i-dzialalnosci.jpg","datePublished":"2025-10-27T09:48:19+00:00","description":"Od 2026 roku zmieniaj\u0105 si\u0119 zasady wliczania okres\u00f3w do sta\u017cu pracy. Sprawd\u017a, co nowego obejmuje definicja sta\u017cu pracy.","breadcrumb":{"@id":"https:\/\/hlb-poland.global\/pl\/zmiany-w-liczeniu-stazu-pracy-nowe-zasady-wliczania-okresow-zatrudnienia-i-dzialalnosci\/#breadcrumb"},"inLanguage":"pl-PL","potentialAction":[{"@type":"ReadAction","target":["https:\/\/hlb-poland.global\/pl\/zmiany-w-liczeniu-stazu-pracy-nowe-zasady-wliczania-okresow-zatrudnienia-i-dzialalnosci\/"]}]},{"@type":"ImageObject","inLanguage":"pl-PL","@id":"https:\/\/hlb-poland.global\/pl\/zmiany-w-liczeniu-stazu-pracy-nowe-zasady-wliczania-okresow-zatrudnienia-i-dzialalnosci\/#primaryimage","url":"https:\/\/hlb-poland.global\/wp-content\/uploads\/2025\/10\/zmiany-w-liczeniu-stazu-pracy-nowe-zasady-wliczania-okresow-zatrudnienia-i-dzialalnosci.jpg","contentUrl":"https:\/\/hlb-poland.global\/wp-content\/uploads\/2025\/10\/zmiany-w-liczeniu-stazu-pracy-nowe-zasady-wliczania-okresow-zatrudnienia-i-dzialalnosci.jpg","width":1116,"height":586,"caption":"Zmiany w liczeniu sta\u017cu pracy \u2013 nowe zasady wliczania okres\u00f3w zatrudnienia i dzia\u0142alno\u015bci"},{"@type":"BreadcrumbList","@id":"https:\/\/hlb-poland.global\/pl\/zmiany-w-liczeniu-stazu-pracy-nowe-zasady-wliczania-okresow-zatrudnienia-i-dzialalnosci\/#breadcrumb","itemListElement":[{"@type":"ListItem","position":1,"name":"Strona g\u0142\u00f3wna","item":"https:\/\/hlb-poland.global\/pl\/"},{"@type":"ListItem","position":2,"name":"Zmiany w liczeniu sta\u017cu pracy \u2013 nowe zasady wliczania okres\u00f3w zatrudnienia i dzia\u0142alno\u015bci"}]},{"@type":"WebSite","@id":"https:\/\/hlb-poland.global\/#website","url":"https:\/\/hlb-poland.global\/","name":"HLB Poland","description":"Advisory and accounting","publisher":{"@id":"https:\/\/hlb-poland.global\/#organization"},"potentialAction":[{"@type":"SearchAction","target":{"@type":"EntryPoint","urlTemplate":"https:\/\/hlb-poland.global\/?s={search_term_string}"},"query-input":{"@type":"PropertyValueSpecification","valueRequired":true,"valueName":"search_term_string"}}],"inLanguage":"pl-PL"},{"@type":"Organization","@id":"https:\/\/hlb-poland.global\/#organization","name":"HLB Poland","url":"https:\/\/hlb-poland.global\/","logo":{"@type":"ImageObject","inLanguage":"pl-PL","@id":"https:\/\/hlb-poland.global\/#\/schema\/logo\/image\/","url":"https:\/\/hlb-poland.global\/wp-content\/uploads\/2025\/12\/hlb-poland-og-image.png","contentUrl":"https:\/\/hlb-poland.global\/wp-content\/uploads\/2025\/12\/hlb-poland-og-image.png","width":1200,"height":630,"caption":"HLB Poland"},"image":{"@id":"https:\/\/hlb-poland.global\/#\/schema\/logo\/image\/"},"sameAs":["https:\/\/www.facebook.com\/HLBPoland","https:\/\/www.linkedin.com\/company\/hlb-poland"]},{"@type":"Person","@id":"https:\/\/hlb-poland.global\/#\/schema\/person\/ea4195936503cebcda5018abaa3182f0","name":"HLB Poland","image":{"@type":"ImageObject","inLanguage":"pl-PL","@id":"https:\/\/secure.gravatar.com\/avatar\/f8c08eab88f3884687a4b0931b327fb8fd9e8fbde701da5573e0899fac7b0180?s=96&d=mm&r=g","url":"https:\/\/secure.gravatar.com\/avatar\/f8c08eab88f3884687a4b0931b327fb8fd9e8fbde701da5573e0899fac7b0180?s=96&d=mm&r=g","contentUrl":"https:\/\/secure.gravatar.com\/avatar\/f8c08eab88f3884687a4b0931b327fb8fd9e8fbde701da5573e0899fac7b0180?s=96&d=mm&r=g","caption":"HLB Poland"}}]}},"_links":{"self":[{"href":"https:\/\/hlb-poland.global\/pl\/wp-json\/wp\/v2\/posts\/18313","targetHints":{"allow":["GET"]}}],"collection":[{"href":"https:\/\/hlb-poland.global\/pl\/wp-json\/wp\/v2\/posts"}],"about":[{"href":"https:\/\/hlb-poland.global\/pl\/wp-json\/wp\/v2\/types\/post"}],"author":[{"embeddable":true,"href":"https:\/\/hlb-poland.global\/pl\/wp-json\/wp\/v2\/users\/4"}],"replies":[{"embeddable":true,"href":"https:\/\/hlb-poland.global\/pl\/wp-json\/wp\/v2\/comments?post=18313"}],"version-history":[{"count":1,"href":"https:\/\/hlb-poland.global\/pl\/wp-json\/wp\/v2\/posts\/18313\/revisions"}],"predecessor-version":[{"id":18317,"href":"https:\/\/hlb-poland.global\/pl\/wp-json\/wp\/v2\/posts\/18313\/revisions\/18317"}],"wp:featuredmedia":[{"embeddable":true,"href":"https:\/\/hlb-poland.global\/pl\/wp-json\/wp\/v2\/media\/18314"}],"wp:attachment":[{"href":"https:\/\/hlb-poland.global\/pl\/wp-json\/wp\/v2\/media?parent=18313"}],"wp:term":[{"taxonomy":"category","embeddable":true,"href":"https:\/\/hlb-poland.global\/pl\/wp-json\/wp\/v2\/categories?post=18313"},{"taxonomy":"post_tag","embeddable":true,"href":"https:\/\/hlb-poland.global\/pl\/wp-json\/wp\/v2\/tags?post=18313"}],"curies":[{"name":"wp","href":"https:\/\/api.w.org\/{rel}","templated":true}]}}