
{"id":19977,"date":"2026-04-30T11:01:53","date_gmt":"2026-04-30T10:01:53","guid":{"rendered":"https:\/\/hlb-poland.global\/?p=19977"},"modified":"2026-04-30T11:01:53","modified_gmt":"2026-04-30T10:01:53","slug":"placa-minimalna-w-polsce-i-niemczech-w-2026-roku-porownanie-kosztow-zatrudnienia","status":"publish","type":"post","link":"https:\/\/hlb-poland.global\/pl\/placa-minimalna-w-polsce-i-niemczech-w-2026-roku-porownanie-kosztow-zatrudnienia\/","title":{"rendered":"P\u0142aca minimalna w Polsce i Niemczech w 2026 roku \u2013 por\u00f3wnanie koszt\u00f3w zatrudnienia"},"content":{"rendered":"<p><img decoding=\"async\" class=\"aligncenter size-full wp-image-7323 global-commitment-globe img-fluid\" style=\"margin-bottom: 50px;\" src=\"https:\/\/hlb-poland.global\/wp-content\/uploads\/2026\/04\/placa-minimalna-w-polsce-i-niemczech-w-2026-roku-porownanie-kosztow-zatrudnienia.jpg\" alt=\"P\u0142aca minimalna w Polsce i Niemczech w 2026 roku \u2013 por\u00f3wnanie koszt\u00f3w zatrudnienia\"\/><br \/>\nP\u0142aca minimalna w Polsce i p\u0142aca minimalna w Niemczech to jeden z podstawowych punkt\u00f3w odniesienia dla firm planuj\u0105cych zatrudnienie, rozw\u00f3j struktur operacyjnych albo analiz\u0119 koszt\u00f3w pracy w Polsce i na rynku niemieckim. Dla przedsi\u0119biorcy sama wysoko\u015b\u0107 minimalnego wynagrodzenia nie wystarcza jednak do oceny op\u0142acalno\u015bci zatrudnienia. O rzeczywistym koszcie decyduj\u0105 r\u00f3wnie\u017c sk\u0142adki finansowane przez pracodawc\u0119, lokalne zasady prawa pracy, obowi\u0105zki administracyjne oraz spos\u00f3b organizacji rozlicze\u0144 p\u0142acowych. <\/p>\n<p>W 2026 r. minimalne wynagrodzenie w Polsce wynosi <span class=\"bold\">4 806 z\u0142 brutto miesi\u0119cznie<\/span>, natomiast w Niemczech ustawowa stawka minimalna wynosi <span class=\"bold\">13,90 euro (ok. 59,13 z\u0142) za godzin\u0119<\/span>. <em>Dla u\u0142atwienia por\u00f3wnania wybrane kwoty w euro wskazane w artykule zosta\u0142y dodatkowo przedstawione w z\u0142otych jako warto\u015bci orientacyjne, obliczone wed\u0142ug \u015bredniego kursu EUR\/PLN og\u0142oszonego przez Narodowy Bank Polski w dniu 29 kwietnia 2026 r. (EUR\/PLN: 4,2537).<\/em><\/p>\n<hr\/>\n<h2>Dlaczego nie warto por\u00f3wnywa\u0107 tylko samych stawek<\/h2>\n<p>Na poziomie og\u00f3lnego por\u00f3wnania rynek niemiecki wydaje si\u0119 wyra\u017anie dro\u017cszy. Taki wniosek mo\u017ce by\u0107 trafny, ale tylko cz\u0119\u015bciowo. W Polsce punktem odniesienia jest <span class=\"bold\">miesi\u0119czne minimalne wynagrodzenie<\/span>, a w Niemczech <span class=\"bold\">ustawowa stawka godzinowa<\/span>. To oznacza, \u017ce por\u00f3wnanie wymaga przeliczenia na por\u00f3wnywalny model zatrudnienia oraz uwzgl\u0119dnienia koszt\u00f3w po stronie pracodawcy. <\/p>\n<p>Dla firmy liczy si\u0119 wi\u0119c nie tylko kwota brutto w umowie, ale przede wszystkim:<\/p>\n<ul>\n<li>ca\u0142kowity koszt pracodawcy,<\/li>\n<li>struktura sk\u0142adek i obci\u0105\u017ce\u0144,<\/li>\n<li>czas pracy i spos\u00f3b naliczania wynagrodzenia,<\/li>\n<li>koszt administracyjny obs\u0142ugi zatrudnienia,<\/li>\n<li>ryzyka zgodno\u015bci w obszarze p\u0142ac, podatk\u00f3w i ubezpiecze\u0144 spo\u0142ecznych.<\/li>\n<\/ul>\n<hr\/>\n<h2>P\u0142aca minimalna w Polsce w 2026 r.<\/h2>\n<p>Od <span class=\"bold\">1 stycznia 2026 r.<\/span> minimalne wynagrodzenie za prac\u0119 w Polsce wynosi <span class=\"bold\">4 806 z\u0142 brutto miesi\u0119cznie<\/span>, a minimalna stawka godzinowa dla okre\u015blonych um\u00f3w cywilnoprawnych wynosi <span class=\"bold\">31,40 z\u0142<\/span>. <\/p>\n<p>Dla pracodawcy oznacza to, \u017ce koszt zatrudnienia nie ko\u0144czy si\u0119 na samym wynagrodzeniu brutto. Co do zasady dochodz\u0105 jeszcze sk\u0142adki finansowane po stronie firmy, w szczeg\u00f3lno\u015bci:<\/p>\n<ul>\n<li><span class=\"bold\">sk\u0142adka emerytalna<\/span> \u2013 9,76%,<\/li>\n<li><span class=\"bold\">sk\u0142adka rentowa<\/span> \u2013 6,5%,<\/li>\n<li><span class=\"bold\">sk\u0142adka wypadkowa<\/span> \u2013 wed\u0142ug stopy w\u0142a\u015bciwej dla p\u0142atnika,<\/li>\n<li><span class=\"bold\">Fundusz Pracy i FG\u015aP<\/span> \u2013 w typowym modelu \u0142\u0105cznie 2,45%.<\/li>\n<\/ul>\n<p>Przy uproszczonym za\u0142o\u017ceniu, \u017ce pracodawc\u0119 obowi\u0105zuje <span class=\"bold\">stopa wypadkowa 1,67%<\/span>, orientacyjny miesi\u0119czny koszt zatrudnienia pracownika otrzymuj\u0105cego polsk\u0105 p\u0142ac\u0119 minimaln\u0105 wynosi oko\u0142o <span class=\"bold\">5 785,46 z\u0142<\/span>. To kalkulacja uproszczona, nieuwzgl\u0119dniaj\u0105ca koszt\u00f3w dodatkowych, takich jak PPK, \u015bwiadczenia pozap\u0142acowe czy specyficzne obci\u0105\u017cenia bran\u017cowe. Obliczenie opiera si\u0119 na stawce minimalnego wynagrodzenia i typowych sk\u0142adkach pracodawcy. <\/p>\n<hr\/>\n<h2>P\u0142aca minimalna w Niemczech w 2026 r.<\/h2>\n<p>W Niemczech od <span class=\"bold\">1 stycznia 2026 r.<\/span> ustawowa p\u0142aca minimalna wynosi <span class=\"bold\">13,90 euro (ok. 59,13 z\u0142) za godzin\u0119<\/span>. <\/p>\n<p>W odr\u00f3\u017cnieniu od Polski niemiecki system odnosi si\u0119 do <span class=\"bold\">stawki godzinowej<\/span>, a nie jednej miesi\u0119cznej kwoty dla pe\u0142nego etatu. W praktyce oznacza to, \u017ce miesi\u0119czny koszt minimalnego wynagrodzenia zale\u017cy od liczby godzin pracy w danym modelu zatrudnienia. Przy czysto por\u00f3wnawczym za\u0142o\u017ceniu <span class=\"bold\">173,2 godziny miesi\u0119cznie<\/span> odpowiada kwocie oko\u0142o <span class=\"bold\">2 407,48 euro (ok. 10 240,70 PLN) brutto miesi\u0119cznie<\/span>. <\/p>\n<p>Do tego dochodz\u0105 standardowe obci\u0105\u017cenia pracodawcy. Dla 2026 r. istotne s\u0105 zw\u0142aszcza nast\u0119puj\u0105ce parametry:<\/p>\n<ul>\n<li><span class=\"bold\">ubezpieczenie emerytalne<\/span> \u2013 18,6% \u0142\u0105cznie, zwykle po 9,3% po ka\u017cdej stronie,<\/li>\n<li><span class=\"bold\">ubezpieczenie zdrowotne<\/span> \u2013 14,6% plus \u015bredni dodatkowy sk\u0142adnik 2,9%, co zasadniczo dzieli si\u0119 po po\u0142owie,<\/li>\n<li><span class=\"bold\">ubezpieczenie od bezrobocia<\/span> \u2013 2,6% \u0142\u0105cznie, zwykle po po\u0142owie,<\/li>\n<li><span class=\"bold\">ubezpieczenie piel\u0119gnacyjne<\/span> \u2013 3,6% \u0142\u0105cznie, zasadniczo po 1,8% dla pracownika i pracodawcy, bez dop\u0142aty za bezdzietno\u015b\u0107 po stronie pracodawcy.<\/li>\n<\/ul>\n<p>Przy takim uproszczonym modelu orientacyjny koszt pracodawcy dla wynagrodzenia odpowiadaj\u0105cego ustawowemu minimum wynosi oko\u0142o <span class=\"bold\">2 916,66 euro (ok. 12 406,60 PLN) miesi\u0119cznie<\/span>. To kalkulacja pogl\u0105dowa, poniewa\u017c w praktyce w Niemczech mog\u0105 doj\u015b\u0107 r\u00f3wnie\u017c dodatkowe elementy, takie jak sk\u0142adki wypadkowe oraz okre\u015blone obci\u0105\u017cenia systemowe pracodawcy.<\/p>\n<hr\/>\n<h2>Tabela por\u00f3wnawcza: Polska vs Niemcy<\/h2>\n<table class=\"responsive-table new\">\n<thead>\n<tr>\n<th>Obszar<\/th>\n<th>Polska<\/th>\n<th>Niemcy<\/th>\n<\/tr>\n<\/thead>\n<tbody>\n<tr>\n<td><span class=\"bold\">Ustawowe minimum w 2026 r.<\/span><\/td>\n<td>4 806 z\u0142 miesi\u0119cznie<\/td>\n<td>13,90 euro (ok. 59,13 z\u0142) za godzin\u0119<\/td>\n<\/tr>\n<tr>\n<td><span class=\"bold\">Charakter stawki<\/span><\/td>\n<td>miesi\u0119czna<\/td>\n<td>godzinowa<\/td>\n<\/tr>\n<tr>\n<td><span class=\"bold\">Minimalna stawka dla um\u00f3w cywilnoprawnych \/ podobnych modeli<\/span><\/td>\n<td>31,40 z\u0142<\/td>\n<td>nie dotyczy w tej samej formule<\/td>\n<\/tr>\n<tr>\n<td><span class=\"bold\">Przyk\u0142adowe miesi\u0119czne wynagrodzenie brutto przy por\u00f3wnaniu pe\u0142nego etatu<\/span><\/td>\n<td>4 806 z\u0142<\/td>\n<td>ok. 2 407,48 euro (ok. 10 240,70 z\u0142)<\/td>\n<\/tr>\n<tr>\n<td><span class=\"bold\">Orientacyjny koszt pracodawcy<\/span><\/td>\n<td>ok. 5 785,46 z\u0142<\/td>\n<td>ok. 2 916,66 euro (ok. 12 406,60 z\u0142)<\/td>\n<\/tr>\n<tr>\n<td><span class=\"bold\">G\u0142\u00f3wne ryzyko por\u00f3wnawcze<\/span><\/td>\n<td>nieuwzgl\u0119dnienie koszt\u00f3w pozap\u0142acowych<\/td>\n<td>nieuwzgl\u0119dnienie godzinowego charakteru stawki i dodatkowych obci\u0105\u017ce\u0144<\/td>\n<\/tr>\n<\/tbody>\n<\/table>\n<p><em>*Dane o stawkach minimalnych pochodz\u0105 z oficjalnych \u017ar\u00f3de\u0142 polskich i niemieckich, a warto\u015bci kosztowe maj\u0105 charakter orientacyjny i zosta\u0142y obliczone na podstawie typowych obci\u0105\u017ce\u0144 pracodawcy obowi\u0105zuj\u0105cych w 2026 r. <\/em><\/p>\n<hr\/>\n<h2>Co przedsi\u0119biorca powinien por\u00f3wna\u0107 poza sam\u0105 p\u0142ac\u0105 minimaln\u0105<\/h2>\n<h3>1. Ca\u0142kowity koszt zatrudnienia<\/h3>\n<p>Najwa\u017cniejszy jest nie poziom wynagrodzenia brutto, lecz <span class=\"bold\">pe\u0142ny koszt etatu po stronie pracodawcy<\/span>. To on wp\u0142ywa na bud\u017cet operacyjny, mar\u017c\u0119 i op\u0142acalno\u015b\u0107 projektu.<\/p>\n<h3>2. Model naliczania wynagrodzenia<\/h3>\n<p>W Polsce \u0142atwiej planowa\u0107 miesi\u0119czny bud\u017cet etatowy, poniewa\u017c podstaw\u0105 jest miesi\u0119czne minimum. W Niemczech trzeba uwa\u017cnie analizowa\u0107 relacj\u0119 mi\u0119dzy stawk\u0105 godzinow\u0105 a liczb\u0105 godzin pracy, zw\u0142aszcza w modelach zmianowych, sezonowych lub z nieregularnym grafikiem. <\/p>\n<h3>3. Obowi\u0105zki administracyjne<\/h3>\n<p>Koszt zatrudnienia to r\u00f3wnie\u017c:<\/p>\n<ul>\n<li>przygotowanie list p\u0142ac,<\/li>\n<li>raportowanie do instytucji,<\/li>\n<li>aktualizacja parametr\u00f3w p\u0142acowych,<\/li>\n<li>nadz\u00f3r nad zgodno\u015bci\u0105 rozlicze\u0144.<\/li>\n<\/ul>\n<p>W strukturach mi\u0119dzynarodowych ten element bywa r\u00f3wnie wa\u017cny jak sama wysoko\u015b\u0107 wynagrodzenia.<\/p>\n<h3>4. Ryzyka transgraniczne<\/h3>\n<p>Je\u017celi firma dzia\u0142a jednocze\u015bnie w Polsce i w Niemczech, trzeba dodatkowo uwzgl\u0119dni\u0107:<\/p>\n<ul>\n<li>w\u0142a\u015bciwo\u015b\u0107 systemu ubezpiecze\u0144 spo\u0142ecznych,<\/li>\n<li>zasady opodatkowania pracownika,<\/li>\n<li>spos\u00f3b dokumentowania zatrudnienia,<\/li>\n<li>obowi\u0105zki rejestracyjne i raportowe w obu pa\u0144stwach.<\/li>\n<\/ul>\n<hr\/>\n<h2>Kiedy Polska mo\u017ce by\u0107 korzystniejsza kosztowo<\/h2>\n<p>Polska cz\u0119sto okazuje si\u0119 atrakcyjniejsza tam, gdzie firma chce budowa\u0107 zesp\u00f3\u0142 przy <span class=\"bold\">ni\u017cszym koszcie bazowym ni\u017c w Niemczech<\/span>, a jednocze\u015bnie zale\u017cy jej na stabilnym zapleczu operacyjnym i przewidywalnej obs\u0142udze kadrowo-p\u0142acowej. Dotyczy to zw\u0142aszcza funkcji administracyjnych, finansowych, wsparcia proces\u00f3w oraz cz\u0119\u015bci zespo\u0142\u00f3w specjalistycznych.<\/p>\n<p class=\"blockquote-getsix\">W takim modelu du\u017ce znaczenie ma dobrze zorganizowany <a href=\"https:\/\/getsix.pl\/nasze-uslugi\/payroll\/\" class=\"link\">payroll i obs\u0142uga kadrowa<\/a> oraz sp\u00f3jna wsp\u00f3\u0142praca z zespo\u0142em prowadz\u0105cym <a href=\"https:\/\/getsix.pl\/nasze-uslugi\/uslugi-ksiegowe-w-polsce\/\" class=\"link\">us\u0142ugi ksi\u0119gowe w Polsce<\/a>.<\/p>\n<hr\/>\n<h2>Kiedy sama przewaga kosztowa nie powinna decydowa\u0107<\/h2>\n<p>Je\u017celi przedsi\u0119biorca planuje obecno\u015b\u0107 operacyjn\u0105 bezpo\u015brednio na rynku niemieckim, rozw\u00f3j sprzeda\u017cy, lokalne struktury zarz\u0105dcze albo zatrudnienie blisko klienta ko\u0144cowego, sama r\u00f3\u017cnica w minimalnym wynagrodzeniu nie powinna przes\u0105dza\u0107 o decyzji. W takich sytuacjach potrzebna jest analiza \u0142\u0105cz\u0105ca:<\/p>\n<ul>\n<li>koszty zatrudnienia,<\/li>\n<li>model biznesowy,<\/li>\n<li>obowi\u0105zki prawne i podatkowe,<\/li>\n<li>organizacj\u0119 rozlicze\u0144 p\u0142acowych po obu stronach granicy.<\/li>\n<\/ul>\n<p class=\"blockquote-getsix\">Przy projektach transgranicznych pomocne mo\u017ce by\u0107 r\u00f3wnie\u017c wsparcie dotycz\u0105ce <a href=\"https:\/\/getsix.pl\/firma-w-niemczech\/\" class=\"link\">prowadzenia firmy w Niemczech<\/a>.<\/p>\n<hr\/>\n<h2>FAQ<\/h2>\n<section class=\"faq\" style=\"background: #f5f5f5; margin-top: -20px;\">\n<div class=\"container\">\n<div class=\"accordion-faq\" style=\"background-color: #fff; border-radius: 10px; padding: 10px;\">\n<div class=\"card\">\n<div class=\"card-header\">\n<p class=\"qa\">Czy p\u0142aca minimalna w Polsce jest w 2026 r. ni\u017csza ni\u017c w Niemczech?<\/p>\n<\/div>\n<div class=\"card-content\">\n<div class=\"faq-content\">Tak. W Polsce minimalne wynagrodzenie wynosi 4 806 z\u0142 miesi\u0119cznie, a w Niemczech ustawowa stawka minimalna wynosi 13,90 euro (ok. 59,13 z\u0142) za godzin\u0119. Samo por\u00f3wnanie tych kwot nie wystarcza jednak do oceny koszt\u00f3w pracodawcy, poniewa\u017c systemy naliczania s\u0105 r\u00f3\u017cne.<\/div>\n<\/div>\n<\/div>\n<div class=\"card\">\n<div class=\"card-header\">\n<p class=\"qa\">Czy w Niemczech p\u0142aca minimalna jest okre\u015blana miesi\u0119cznie?<\/p>\n<\/div>\n<div class=\"card-content\">\n<div class=\"faq-content\">Nie. W Niemczech ustawowe minimum jest okre\u015blane jako stawka godzinowa, a nie jako jedna kwota miesi\u0119czna dla pe\u0142nego etatu.<\/div>\n<\/div>\n<\/div>\n<div class=\"card\">\n<div class=\"card-header\">\n<p class=\"qa\">Jaki jest orientacyjny koszt pracodawcy przy p\u0142acy minimalnej w Polsce?<\/p>\n<\/div>\n<div class=\"card-content\">\n<div class=\"faq-content\">Przy uproszczonym za\u0142o\u017ceniu standardowych sk\u0142adek pracodawcy i stopy wypadkowej 1,67% orientacyjny miesi\u0119czny koszt zatrudnienia wynosi oko\u0142o 5 785,46 z\u0142.<\/div>\n<\/div>\n<\/div>\n<div class=\"card\">\n<div class=\"card-header\">\n<p class=\"qa\">Jaki jest orientacyjny koszt pracodawcy przy p\u0142acy minimalnej w Niemczech?<\/p>\n<\/div>\n<div class=\"card-content\">\n<div class=\"faq-content\">Przy za\u0142o\u017ceniu 173,2 godziny pracy miesi\u0119cznie i standardowych podstawowych obci\u0105\u017ce\u0144 pracodawcy orientacyjny koszt wynosi oko\u0142o 2 916,66 euro (ok. 12 406,60 z\u0142) miesi\u0119cznie. To kalkulacja pogl\u0105dowa, kt\u00f3ra nie obejmuje wszystkich mo\u017cliwych dodatkowych obci\u0105\u017ce\u0144.<\/div>\n<\/div>\n<\/div>\n<div class=\"card\">\n<div class=\"card-header\">\n<p class=\"qa\">Czy ni\u017csza p\u0142aca minimalna w Polsce zawsze oznacza korzystniejsze zatrudnienie?<\/p>\n<\/div>\n<div class=\"card-content\">\n<div class=\"faq-content\">Nie. O op\u0142acalno\u015bci decyduje nie tylko wysoko\u015b\u0107 minimalnego wynagrodzenia, lecz tak\u017ce ca\u0142kowity koszt pracodawcy, koszt administracyjny, dost\u0119pno\u015b\u0107 pracownik\u00f3w, model dzia\u0142alno\u015bci oraz ryzyka prawno-podatkowe.<\/div>\n<\/div>\n<\/div>\n<div class=\"card\">\n<div class=\"card-header\">\n<p class=\"qa\">Co warto przeanalizowa\u0107 przed zatrudnieniem pracownik\u00f3w w Polsce lub w Niemczech?<\/p>\n<\/div>\n<div class=\"card-content\">\n<div class=\"faq-content\">Przedsi\u0119biorca powinien por\u00f3wna\u0107 przede wszystkim: <\/p>\n<ul>\n<li>pe\u0142ny koszt zatrudnienia,<\/li>\n<li>zasady naliczania sk\u0142adek,<\/li>\n<li>obowi\u0105zki p\u0142acowe i raportowe,<\/li>\n<li>spos\u00f3b organizacji payrollu,<\/li>\n<li>ryzyka transgraniczne w obszarze podatk\u00f3w i ubezpiecze\u0144 spo\u0142ecznych.<\/li>\n<\/ul>\n<\/div>\n<\/div>\n<\/div>\n<\/div>\n<\/div>\n<\/section>\n<p><script>document.addEventListener(\"DOMContentLoaded\", function() {const cards = document.querySelectorAll(\".card\");cards.forEach(card => {card.querySelector(\".qa\").style.color = \"#454545\";});cards.forEach(card => {card.addEventListener(\"click\", () => {cards.forEach(c => {c.classList.remove(\"active\");c.querySelector(\".qa\").style.color = \"#454545\";});card.classList.add(\"active\");card.querySelector(\".qa\").style.color = \"#005a77\";});});});<\/script><\/p>\n<p><script type=\"application\/ld+json\">\n{\n  \"@context\": \"https:\/\/schema.org\",\n  \"@type\": \"FAQPage\",\n  \"mainEntity\": [{\n    \"@type\": \"Question\",\n    \"name\": \"Czy p\u0142aca minimalna w Polsce jest w 2026 r. ni\u017csza ni\u017c w Niemczech?\",\n    \"acceptedAnswer\": {\n      \"@type\": \"Answer\",\n      \"text\": \"Tak. W Polsce minimalne wynagrodzenie wynosi 4 806 z\u0142 miesi\u0119cznie, a w Niemczech ustawowa stawka minimalna wynosi 13,90 euro (ok. 59,13 z\u0142) za godzin\u0119. Samo por\u00f3wnanie tych kwot nie wystarcza jednak do oceny koszt\u00f3w pracodawcy, poniewa\u017c systemy naliczania s\u0105 r\u00f3\u017cne.\"\n    }\n  },{\n    \"@type\": \"Question\",\n    \"name\": \"Czy w Niemczech p\u0142aca minimalna jest okre\u015blana miesi\u0119cznie?\",\n    \"acceptedAnswer\": {\n      \"@type\": \"Answer\",\n      \"text\": \"Nie. W Niemczech ustawowe minimum jest okre\u015blane jako stawka godzinowa, a nie jako jedna kwota miesi\u0119czna dla pe\u0142nego etatu.\"\n    }\n  },{\n    \"@type\": \"Question\",\n    \"name\": \"Jaki jest orientacyjny koszt pracodawcy przy p\u0142acy minimalnej w Polsce?\",\n    \"acceptedAnswer\": {\n      \"@type\": \"Answer\",\n      \"text\": \"Przy uproszczonym za\u0142o\u017ceniu standardowych sk\u0142adek pracodawcy i stopy wypadkowej 1,67% orientacyjny miesi\u0119czny koszt zatrudnienia wynosi oko\u0142o 5 785,46 z\u0142.\"\n    }\n  },{\n    \"@type\": \"Question\",\n    \"name\": \"Jaki jest orientacyjny koszt pracodawcy przy p\u0142acy minimalnej w Niemczech?\",\n    \"acceptedAnswer\": {\n      \"@type\": \"Answer\",\n      \"text\": \"Przy za\u0142o\u017ceniu 173,2 godziny pracy miesi\u0119cznie i standardowych podstawowych obci\u0105\u017ce\u0144 pracodawcy orientacyjny koszt wynosi oko\u0142o 2 916,66 euro (ok. 12 406,60 z\u0142) miesi\u0119cznie. To kalkulacja pogl\u0105dowa, kt\u00f3ra nie obejmuje wszystkich mo\u017cliwych dodatkowych obci\u0105\u017ce\u0144.\"\n    }\n  },{\n    \"@type\": \"Question\",\n    \"name\": \"Czy ni\u017csza p\u0142aca minimalna w Polsce zawsze oznacza korzystniejsze zatrudnienie?\",\n    \"acceptedAnswer\": {\n      \"@type\": \"Answer\",\n      \"text\": \"Nie. O op\u0142acalno\u015bci decyduje nie tylko wysoko\u015b\u0107 minimalnego wynagrodzenia, lecz tak\u017ce ca\u0142kowity koszt pracodawcy, koszt administracyjny, dost\u0119pno\u015b\u0107 pracownik\u00f3w, model dzia\u0142alno\u015bci oraz ryzyka prawno-podatkowe.\"\n    }\n  },{\n    \"@type\": \"Question\",\n    \"name\": \"Co warto przeanalizowa\u0107 przed zatrudnieniem pracownik\u00f3w w Polsce lub w Niemczech?\",\n    \"acceptedAnswer\": {\n      \"@type\": \"Answer\",\n      \"text\": \"Przedsi\u0119biorca powinien por\u00f3wna\u0107 przede wszystkim: <\/p>\n<ul>\n<li>pe\u0142ny koszt zatrudnienia,<\/li>\n<li>zasady naliczania sk\u0142adek,<\/li>\n<li>obowi\u0105zki p\u0142acowe i raportowe,<\/li>\n<li>spos\u00f3b organizacji payrollu,<\/li>\n<li>ryzyka transgraniczne w obszarze podatk\u00f3w i ubezpiecze\u0144 spo\u0142ecznych.<\/li>\n<\/ul>\n<p>\"\n    }\n  }\n  ]\n}\n<\/script><\/p>\n<hr\/>\n<p>P\u0142aca minimalna w Polsce i p\u0142aca minimalna w Niemczech s\u0105 dobrym punktem wyj\u015bcia do analizy koszt\u00f3w pracy, ale nie powinny by\u0107 jedynym kryterium decyzji. W 2026 r. Polska pozostaje rynkiem o ni\u017cszym minimalnym koszcie zatrudnienia ni\u017c Niemcy, jednak realna op\u0142acalno\u015b\u0107 zale\u017cy tak\u017ce od modelu organizacyjnego firmy, obowi\u0105zk\u00f3w administracyjnych, struktury sk\u0142adek i ryzyk zgodno\u015bci. <\/p>\n<p>Dlatego przed podj\u0119ciem decyzji warto przygotowa\u0107 <span class=\"bold\">pe\u0142n\u0105 kalkulacj\u0119 kosztu zatrudnienia<\/span>, a nie ogranicza\u0107 si\u0119 do prostego zestawienia dw\u00f3ch stawek minimalnych. To w\u0142a\u015bnie taka analiza pokazuje, czy bardziej uzasadnione jest budowanie zespo\u0142u w Polsce, w Niemczech, czy w modelu \u0142\u0105cz\u0105cym oba rynki.<\/p>\n","protected":false},"excerpt":{"rendered":"<p>P\u0142aca minimalna w Polsce i p\u0142aca minimalna w Niemczech to jeden z podstawowych punkt\u00f3w odniesienia dla firm planuj\u0105cych zatrudnienie, rozw\u00f3j..<\/p>\n<div class=\"clear\"><\/div><a class=\"more-link\" href=\"https:\/\/hlb-poland.global\/pl\/placa-minimalna-w-polsce-i-niemczech-w-2026-roku-porownanie-kosztow-zatrudnienia\/\"> Dowiedz si\u0119 wi\u0119cej <\/a>","protected":false},"author":4,"featured_media":19978,"comment_status":"open","ping_status":"closed","sticky":false,"template":"press-room-with-footer.php","format":"standard","meta":{"_acf_changed":false,"footnotes":""},"categories":[250],"tags":[1540,1438,844,1481],"class_list":["post-19977","post","type-post","status-publish","format-standard","has-post-thumbnail","hentry","category-informacje-prasowe","tag-1540","tag-payroll-pl","tag-placa-minimalna","tag-place-pl"],"acf":[],"yoast_head":"<!-- This site is optimized with the Yoast SEO plugin v27.2 - https:\/\/yoast.com\/product\/yoast-seo-wordpress\/ -->\n<title>P\u0142aca minimalna w Polsce i Niemczech 2026 \u2013 koszty zatrudnienia<\/title>\n<meta name=\"description\" content=\"P\u0142aca minimalna w Polsce i p\u0142aca minimalna w Niemczech w 2026 r. Zobacz por\u00f3wnanie koszt\u00f3w zatrudnienia, sk\u0142adek i obowi\u0105zk\u00f3w pracodawcy.\" \/>\n<meta name=\"robots\" content=\"index, follow, max-snippet:-1, max-image-preview:large, max-video-preview:-1\" \/>\n<link rel=\"canonical\" href=\"https:\/\/getsix.pl\/getsix-blog-pl\/podatki-i-prawo-alerts-polska\/kadry-place-prawo-pracy\/placa-minimalna-w-polsce-i-niemczech-w-2026-roku-porownanie-kosztow-zatrudnienia\/\" \/>\n<meta property=\"og:locale\" content=\"pl_PL\" \/>\n<meta property=\"og:type\" content=\"article\" \/>\n<meta property=\"og:title\" content=\"P\u0142aca minimalna w Polsce i Niemczech 2026 \u2013 koszty zatrudnienia\" \/>\n<meta property=\"og:description\" content=\"P\u0142aca minimalna w Polsce i p\u0142aca minimalna w Niemczech w 2026 r. Zobacz por\u00f3wnanie koszt\u00f3w zatrudnienia, sk\u0142adek i obowi\u0105zk\u00f3w pracodawcy.\" \/>\n<meta property=\"og:url\" content=\"https:\/\/getsix.pl\/getsix-blog-pl\/podatki-i-prawo-alerts-polska\/kadry-place-prawo-pracy\/placa-minimalna-w-polsce-i-niemczech-w-2026-roku-porownanie-kosztow-zatrudnienia\/\" \/>\n<meta property=\"og:site_name\" content=\"HLB Poland\" \/>\n<meta property=\"article:publisher\" content=\"https:\/\/www.facebook.com\/HLBPoland\" \/>\n<meta property=\"article:published_time\" content=\"2026-04-30T10:01:53+00:00\" \/>\n<meta property=\"og:image\" content=\"https:\/\/hlb-poland.global\/wp-content\/uploads\/2026\/04\/placa-minimalna-w-polsce-i-niemczech-w-2026-roku-porownanie-kosztow-zatrudnienia.jpg\" \/>\n\t<meta property=\"og:image:width\" content=\"1116\" \/>\n\t<meta property=\"og:image:height\" content=\"586\" \/>\n\t<meta property=\"og:image:type\" content=\"image\/jpeg\" \/>\n<meta name=\"author\" content=\"HLB Poland\" \/>\n<meta name=\"twitter:card\" content=\"summary_large_image\" \/>\n<meta name=\"twitter:label1\" content=\"Napisane przez\" \/>\n\t<meta name=\"twitter:data1\" content=\"HLB Poland\" \/>\n\t<meta name=\"twitter:label2\" content=\"Szacowany czas czytania\" \/>\n\t<meta name=\"twitter:data2\" content=\"1 minuta\" \/>\n<script type=\"application\/ld+json\" class=\"yoast-schema-graph\">{\"@context\":\"https:\/\/schema.org\",\"@graph\":[{\"@type\":\"Article\",\"@id\":\"https:\/\/getsix.pl\/getsix-blog-pl\/podatki-i-prawo-alerts-polska\/kadry-place-prawo-pracy\/placa-minimalna-w-polsce-i-niemczech-w-2026-roku-porownanie-kosztow-zatrudnienia\/#article\",\"isPartOf\":{\"@id\":\"https:\/\/hlb-poland.global\/pl\/placa-minimalna-w-polsce-i-niemczech-w-2026-roku-porownanie-kosztow-zatrudnienia\/\"},\"author\":{\"name\":\"HLB Poland\",\"@id\":\"https:\/\/hlb-poland.global\/#\/schema\/person\/ea4195936503cebcda5018abaa3182f0\"},\"headline\":\"P\u0142aca minimalna w Polsce i Niemczech w 2026 roku \u2013 por\u00f3wnanie koszt\u00f3w zatrudnienia\",\"datePublished\":\"2026-04-30T10:01:53+00:00\",\"mainEntityOfPage\":{\"@id\":\"https:\/\/hlb-poland.global\/pl\/placa-minimalna-w-polsce-i-niemczech-w-2026-roku-porownanie-kosztow-zatrudnienia\/\"},\"wordCount\":1458,\"commentCount\":0,\"publisher\":{\"@id\":\"https:\/\/hlb-poland.global\/#organization\"},\"image\":{\"@id\":\"https:\/\/getsix.pl\/getsix-blog-pl\/podatki-i-prawo-alerts-polska\/kadry-place-prawo-pracy\/placa-minimalna-w-polsce-i-niemczech-w-2026-roku-porownanie-kosztow-zatrudnienia\/#primaryimage\"},\"thumbnailUrl\":\"https:\/\/hlb-poland.global\/wp-content\/uploads\/2026\/04\/placa-minimalna-w-polsce-i-niemczech-w-2026-roku-porownanie-kosztow-zatrudnienia.jpg\",\"keywords\":[\"2026\",\"Payroll\",\"P\u0142aca minimalna\",\"P\u0142ace\"],\"articleSection\":[\"Informacje prasowe od HLB Poland\"],\"inLanguage\":\"pl-PL\",\"potentialAction\":[{\"@type\":\"CommentAction\",\"name\":\"Comment\",\"target\":[\"https:\/\/getsix.pl\/getsix-blog-pl\/podatki-i-prawo-alerts-polska\/kadry-place-prawo-pracy\/placa-minimalna-w-polsce-i-niemczech-w-2026-roku-porownanie-kosztow-zatrudnienia\/#respond\"]}]},{\"@type\":\"WebPage\",\"@id\":\"https:\/\/hlb-poland.global\/pl\/placa-minimalna-w-polsce-i-niemczech-w-2026-roku-porownanie-kosztow-zatrudnienia\/\",\"url\":\"https:\/\/getsix.pl\/getsix-blog-pl\/podatki-i-prawo-alerts-polska\/kadry-place-prawo-pracy\/placa-minimalna-w-polsce-i-niemczech-w-2026-roku-porownanie-kosztow-zatrudnienia\/\",\"name\":\"P\u0142aca minimalna w Polsce i Niemczech 2026 \u2013 koszty zatrudnienia\",\"isPartOf\":{\"@id\":\"https:\/\/hlb-poland.global\/#website\"},\"primaryImageOfPage\":{\"@id\":\"https:\/\/getsix.pl\/getsix-blog-pl\/podatki-i-prawo-alerts-polska\/kadry-place-prawo-pracy\/placa-minimalna-w-polsce-i-niemczech-w-2026-roku-porownanie-kosztow-zatrudnienia\/#primaryimage\"},\"image\":{\"@id\":\"https:\/\/getsix.pl\/getsix-blog-pl\/podatki-i-prawo-alerts-polska\/kadry-place-prawo-pracy\/placa-minimalna-w-polsce-i-niemczech-w-2026-roku-porownanie-kosztow-zatrudnienia\/#primaryimage\"},\"thumbnailUrl\":\"https:\/\/hlb-poland.global\/wp-content\/uploads\/2026\/04\/placa-minimalna-w-polsce-i-niemczech-w-2026-roku-porownanie-kosztow-zatrudnienia.jpg\",\"datePublished\":\"2026-04-30T10:01:53+00:00\",\"description\":\"P\u0142aca minimalna w Polsce i p\u0142aca minimalna w Niemczech w 2026 r. Zobacz por\u00f3wnanie koszt\u00f3w zatrudnienia, sk\u0142adek i obowi\u0105zk\u00f3w pracodawcy.\",\"breadcrumb\":{\"@id\":\"https:\/\/getsix.pl\/getsix-blog-pl\/podatki-i-prawo-alerts-polska\/kadry-place-prawo-pracy\/placa-minimalna-w-polsce-i-niemczech-w-2026-roku-porownanie-kosztow-zatrudnienia\/#breadcrumb\"},\"inLanguage\":\"pl-PL\",\"potentialAction\":[{\"@type\":\"ReadAction\",\"target\":[\"https:\/\/getsix.pl\/getsix-blog-pl\/podatki-i-prawo-alerts-polska\/kadry-place-prawo-pracy\/placa-minimalna-w-polsce-i-niemczech-w-2026-roku-porownanie-kosztow-zatrudnienia\/\"]}]},{\"@type\":\"ImageObject\",\"inLanguage\":\"pl-PL\",\"@id\":\"https:\/\/getsix.pl\/getsix-blog-pl\/podatki-i-prawo-alerts-polska\/kadry-place-prawo-pracy\/placa-minimalna-w-polsce-i-niemczech-w-2026-roku-porownanie-kosztow-zatrudnienia\/#primaryimage\",\"url\":\"https:\/\/hlb-poland.global\/wp-content\/uploads\/2026\/04\/placa-minimalna-w-polsce-i-niemczech-w-2026-roku-porownanie-kosztow-zatrudnienia.jpg\",\"contentUrl\":\"https:\/\/hlb-poland.global\/wp-content\/uploads\/2026\/04\/placa-minimalna-w-polsce-i-niemczech-w-2026-roku-porownanie-kosztow-zatrudnienia.jpg\",\"width\":1116,\"height\":586,\"caption\":\"P\u0142aca minimalna w Polsce i Niemczech w 2026 roku \u2013 por\u00f3wnanie koszt\u00f3w zatrudnienia\"},{\"@type\":\"BreadcrumbList\",\"@id\":\"https:\/\/getsix.pl\/getsix-blog-pl\/podatki-i-prawo-alerts-polska\/kadry-place-prawo-pracy\/placa-minimalna-w-polsce-i-niemczech-w-2026-roku-porownanie-kosztow-zatrudnienia\/#breadcrumb\",\"itemListElement\":[{\"@type\":\"ListItem\",\"position\":1,\"name\":\"Strona g\u0142\u00f3wna\",\"item\":\"https:\/\/hlb-poland.global\/pl\/\"},{\"@type\":\"ListItem\",\"position\":2,\"name\":\"P\u0142aca minimalna w Polsce i Niemczech w 2026 roku \u2013 por\u00f3wnanie koszt\u00f3w zatrudnienia\"}]},{\"@type\":\"WebSite\",\"@id\":\"https:\/\/hlb-poland.global\/#website\",\"url\":\"https:\/\/hlb-poland.global\/\",\"name\":\"HLB Poland\",\"description\":\"Advisory and accounting\",\"publisher\":{\"@id\":\"https:\/\/hlb-poland.global\/#organization\"},\"potentialAction\":[{\"@type\":\"SearchAction\",\"target\":{\"@type\":\"EntryPoint\",\"urlTemplate\":\"https:\/\/hlb-poland.global\/?s={search_term_string}\"},\"query-input\":{\"@type\":\"PropertyValueSpecification\",\"valueRequired\":true,\"valueName\":\"search_term_string\"}}],\"inLanguage\":\"pl-PL\"},{\"@type\":\"Organization\",\"@id\":\"https:\/\/hlb-poland.global\/#organization\",\"name\":\"HLB Poland\",\"url\":\"https:\/\/hlb-poland.global\/\",\"logo\":{\"@type\":\"ImageObject\",\"inLanguage\":\"pl-PL\",\"@id\":\"https:\/\/hlb-poland.global\/#\/schema\/logo\/image\/\",\"url\":\"https:\/\/hlb-poland.global\/wp-content\/uploads\/2025\/12\/hlb-poland-og-image.png\",\"contentUrl\":\"https:\/\/hlb-poland.global\/wp-content\/uploads\/2025\/12\/hlb-poland-og-image.png\",\"width\":1200,\"height\":630,\"caption\":\"HLB Poland\"},\"image\":{\"@id\":\"https:\/\/hlb-poland.global\/#\/schema\/logo\/image\/\"},\"sameAs\":[\"https:\/\/www.facebook.com\/HLBPoland\",\"https:\/\/www.linkedin.com\/company\/hlb-poland\"]},{\"@type\":\"Person\",\"@id\":\"https:\/\/hlb-poland.global\/#\/schema\/person\/ea4195936503cebcda5018abaa3182f0\",\"name\":\"HLB Poland\",\"image\":{\"@type\":\"ImageObject\",\"inLanguage\":\"pl-PL\",\"@id\":\"https:\/\/secure.gravatar.com\/avatar\/f8c08eab88f3884687a4b0931b327fb8fd9e8fbde701da5573e0899fac7b0180?s=96&d=mm&r=g\",\"url\":\"https:\/\/secure.gravatar.com\/avatar\/f8c08eab88f3884687a4b0931b327fb8fd9e8fbde701da5573e0899fac7b0180?s=96&d=mm&r=g\",\"contentUrl\":\"https:\/\/secure.gravatar.com\/avatar\/f8c08eab88f3884687a4b0931b327fb8fd9e8fbde701da5573e0899fac7b0180?s=96&d=mm&r=g\",\"caption\":\"HLB Poland\"}}]}<\/script>\n<!-- \/ Yoast SEO plugin. -->","yoast_head_json":{"title":"P\u0142aca minimalna w Polsce i Niemczech 2026 \u2013 koszty zatrudnienia","description":"P\u0142aca minimalna w Polsce i p\u0142aca minimalna w Niemczech w 2026 r. Zobacz por\u00f3wnanie koszt\u00f3w zatrudnienia, sk\u0142adek i obowi\u0105zk\u00f3w pracodawcy.","robots":{"index":"index","follow":"follow","max-snippet":"max-snippet:-1","max-image-preview":"max-image-preview:large","max-video-preview":"max-video-preview:-1"},"canonical":"https:\/\/getsix.pl\/getsix-blog-pl\/podatki-i-prawo-alerts-polska\/kadry-place-prawo-pracy\/placa-minimalna-w-polsce-i-niemczech-w-2026-roku-porownanie-kosztow-zatrudnienia\/","og_locale":"pl_PL","og_type":"article","og_title":"P\u0142aca minimalna w Polsce i Niemczech 2026 \u2013 koszty zatrudnienia","og_description":"P\u0142aca minimalna w Polsce i p\u0142aca minimalna w Niemczech w 2026 r. Zobacz por\u00f3wnanie koszt\u00f3w zatrudnienia, sk\u0142adek i obowi\u0105zk\u00f3w pracodawcy.","og_url":"https:\/\/getsix.pl\/getsix-blog-pl\/podatki-i-prawo-alerts-polska\/kadry-place-prawo-pracy\/placa-minimalna-w-polsce-i-niemczech-w-2026-roku-porownanie-kosztow-zatrudnienia\/","og_site_name":"HLB Poland","article_publisher":"https:\/\/www.facebook.com\/HLBPoland","article_published_time":"2026-04-30T10:01:53+00:00","og_image":[{"width":1116,"height":586,"url":"https:\/\/hlb-poland.global\/wp-content\/uploads\/2026\/04\/placa-minimalna-w-polsce-i-niemczech-w-2026-roku-porownanie-kosztow-zatrudnienia.jpg","type":"image\/jpeg"}],"author":"HLB Poland","twitter_card":"summary_large_image","twitter_misc":{"Napisane przez":"HLB Poland","Szacowany czas czytania":"1 minuta"},"schema":{"@context":"https:\/\/schema.org","@graph":[{"@type":"Article","@id":"https:\/\/getsix.pl\/getsix-blog-pl\/podatki-i-prawo-alerts-polska\/kadry-place-prawo-pracy\/placa-minimalna-w-polsce-i-niemczech-w-2026-roku-porownanie-kosztow-zatrudnienia\/#article","isPartOf":{"@id":"https:\/\/hlb-poland.global\/pl\/placa-minimalna-w-polsce-i-niemczech-w-2026-roku-porownanie-kosztow-zatrudnienia\/"},"author":{"name":"HLB Poland","@id":"https:\/\/hlb-poland.global\/#\/schema\/person\/ea4195936503cebcda5018abaa3182f0"},"headline":"P\u0142aca minimalna w Polsce i Niemczech w 2026 roku \u2013 por\u00f3wnanie koszt\u00f3w zatrudnienia","datePublished":"2026-04-30T10:01:53+00:00","mainEntityOfPage":{"@id":"https:\/\/hlb-poland.global\/pl\/placa-minimalna-w-polsce-i-niemczech-w-2026-roku-porownanie-kosztow-zatrudnienia\/"},"wordCount":1458,"commentCount":0,"publisher":{"@id":"https:\/\/hlb-poland.global\/#organization"},"image":{"@id":"https:\/\/getsix.pl\/getsix-blog-pl\/podatki-i-prawo-alerts-polska\/kadry-place-prawo-pracy\/placa-minimalna-w-polsce-i-niemczech-w-2026-roku-porownanie-kosztow-zatrudnienia\/#primaryimage"},"thumbnailUrl":"https:\/\/hlb-poland.global\/wp-content\/uploads\/2026\/04\/placa-minimalna-w-polsce-i-niemczech-w-2026-roku-porownanie-kosztow-zatrudnienia.jpg","keywords":["2026","Payroll","P\u0142aca minimalna","P\u0142ace"],"articleSection":["Informacje prasowe od HLB Poland"],"inLanguage":"pl-PL","potentialAction":[{"@type":"CommentAction","name":"Comment","target":["https:\/\/getsix.pl\/getsix-blog-pl\/podatki-i-prawo-alerts-polska\/kadry-place-prawo-pracy\/placa-minimalna-w-polsce-i-niemczech-w-2026-roku-porownanie-kosztow-zatrudnienia\/#respond"]}]},{"@type":"WebPage","@id":"https:\/\/hlb-poland.global\/pl\/placa-minimalna-w-polsce-i-niemczech-w-2026-roku-porownanie-kosztow-zatrudnienia\/","url":"https:\/\/getsix.pl\/getsix-blog-pl\/podatki-i-prawo-alerts-polska\/kadry-place-prawo-pracy\/placa-minimalna-w-polsce-i-niemczech-w-2026-roku-porownanie-kosztow-zatrudnienia\/","name":"P\u0142aca minimalna w Polsce i Niemczech 2026 \u2013 koszty zatrudnienia","isPartOf":{"@id":"https:\/\/hlb-poland.global\/#website"},"primaryImageOfPage":{"@id":"https:\/\/getsix.pl\/getsix-blog-pl\/podatki-i-prawo-alerts-polska\/kadry-place-prawo-pracy\/placa-minimalna-w-polsce-i-niemczech-w-2026-roku-porownanie-kosztow-zatrudnienia\/#primaryimage"},"image":{"@id":"https:\/\/getsix.pl\/getsix-blog-pl\/podatki-i-prawo-alerts-polska\/kadry-place-prawo-pracy\/placa-minimalna-w-polsce-i-niemczech-w-2026-roku-porownanie-kosztow-zatrudnienia\/#primaryimage"},"thumbnailUrl":"https:\/\/hlb-poland.global\/wp-content\/uploads\/2026\/04\/placa-minimalna-w-polsce-i-niemczech-w-2026-roku-porownanie-kosztow-zatrudnienia.jpg","datePublished":"2026-04-30T10:01:53+00:00","description":"P\u0142aca minimalna w Polsce i p\u0142aca minimalna w Niemczech w 2026 r. Zobacz por\u00f3wnanie koszt\u00f3w zatrudnienia, sk\u0142adek i obowi\u0105zk\u00f3w pracodawcy.","breadcrumb":{"@id":"https:\/\/getsix.pl\/getsix-blog-pl\/podatki-i-prawo-alerts-polska\/kadry-place-prawo-pracy\/placa-minimalna-w-polsce-i-niemczech-w-2026-roku-porownanie-kosztow-zatrudnienia\/#breadcrumb"},"inLanguage":"pl-PL","potentialAction":[{"@type":"ReadAction","target":["https:\/\/getsix.pl\/getsix-blog-pl\/podatki-i-prawo-alerts-polska\/kadry-place-prawo-pracy\/placa-minimalna-w-polsce-i-niemczech-w-2026-roku-porownanie-kosztow-zatrudnienia\/"]}]},{"@type":"ImageObject","inLanguage":"pl-PL","@id":"https:\/\/getsix.pl\/getsix-blog-pl\/podatki-i-prawo-alerts-polska\/kadry-place-prawo-pracy\/placa-minimalna-w-polsce-i-niemczech-w-2026-roku-porownanie-kosztow-zatrudnienia\/#primaryimage","url":"https:\/\/hlb-poland.global\/wp-content\/uploads\/2026\/04\/placa-minimalna-w-polsce-i-niemczech-w-2026-roku-porownanie-kosztow-zatrudnienia.jpg","contentUrl":"https:\/\/hlb-poland.global\/wp-content\/uploads\/2026\/04\/placa-minimalna-w-polsce-i-niemczech-w-2026-roku-porownanie-kosztow-zatrudnienia.jpg","width":1116,"height":586,"caption":"P\u0142aca minimalna w Polsce i Niemczech w 2026 roku \u2013 por\u00f3wnanie koszt\u00f3w zatrudnienia"},{"@type":"BreadcrumbList","@id":"https:\/\/getsix.pl\/getsix-blog-pl\/podatki-i-prawo-alerts-polska\/kadry-place-prawo-pracy\/placa-minimalna-w-polsce-i-niemczech-w-2026-roku-porownanie-kosztow-zatrudnienia\/#breadcrumb","itemListElement":[{"@type":"ListItem","position":1,"name":"Strona g\u0142\u00f3wna","item":"https:\/\/hlb-poland.global\/pl\/"},{"@type":"ListItem","position":2,"name":"P\u0142aca minimalna w Polsce i Niemczech w 2026 roku \u2013 por\u00f3wnanie koszt\u00f3w zatrudnienia"}]},{"@type":"WebSite","@id":"https:\/\/hlb-poland.global\/#website","url":"https:\/\/hlb-poland.global\/","name":"HLB Poland","description":"Advisory and accounting","publisher":{"@id":"https:\/\/hlb-poland.global\/#organization"},"potentialAction":[{"@type":"SearchAction","target":{"@type":"EntryPoint","urlTemplate":"https:\/\/hlb-poland.global\/?s={search_term_string}"},"query-input":{"@type":"PropertyValueSpecification","valueRequired":true,"valueName":"search_term_string"}}],"inLanguage":"pl-PL"},{"@type":"Organization","@id":"https:\/\/hlb-poland.global\/#organization","name":"HLB Poland","url":"https:\/\/hlb-poland.global\/","logo":{"@type":"ImageObject","inLanguage":"pl-PL","@id":"https:\/\/hlb-poland.global\/#\/schema\/logo\/image\/","url":"https:\/\/hlb-poland.global\/wp-content\/uploads\/2025\/12\/hlb-poland-og-image.png","contentUrl":"https:\/\/hlb-poland.global\/wp-content\/uploads\/2025\/12\/hlb-poland-og-image.png","width":1200,"height":630,"caption":"HLB Poland"},"image":{"@id":"https:\/\/hlb-poland.global\/#\/schema\/logo\/image\/"},"sameAs":["https:\/\/www.facebook.com\/HLBPoland","https:\/\/www.linkedin.com\/company\/hlb-poland"]},{"@type":"Person","@id":"https:\/\/hlb-poland.global\/#\/schema\/person\/ea4195936503cebcda5018abaa3182f0","name":"HLB Poland","image":{"@type":"ImageObject","inLanguage":"pl-PL","@id":"https:\/\/secure.gravatar.com\/avatar\/f8c08eab88f3884687a4b0931b327fb8fd9e8fbde701da5573e0899fac7b0180?s=96&d=mm&r=g","url":"https:\/\/secure.gravatar.com\/avatar\/f8c08eab88f3884687a4b0931b327fb8fd9e8fbde701da5573e0899fac7b0180?s=96&d=mm&r=g","contentUrl":"https:\/\/secure.gravatar.com\/avatar\/f8c08eab88f3884687a4b0931b327fb8fd9e8fbde701da5573e0899fac7b0180?s=96&d=mm&r=g","caption":"HLB Poland"}}]}},"_links":{"self":[{"href":"https:\/\/hlb-poland.global\/pl\/wp-json\/wp\/v2\/posts\/19977","targetHints":{"allow":["GET"]}}],"collection":[{"href":"https:\/\/hlb-poland.global\/pl\/wp-json\/wp\/v2\/posts"}],"about":[{"href":"https:\/\/hlb-poland.global\/pl\/wp-json\/wp\/v2\/types\/post"}],"author":[{"embeddable":true,"href":"https:\/\/hlb-poland.global\/pl\/wp-json\/wp\/v2\/users\/4"}],"replies":[{"embeddable":true,"href":"https:\/\/hlb-poland.global\/pl\/wp-json\/wp\/v2\/comments?post=19977"}],"version-history":[{"count":1,"href":"https:\/\/hlb-poland.global\/pl\/wp-json\/wp\/v2\/posts\/19977\/revisions"}],"predecessor-version":[{"id":19981,"href":"https:\/\/hlb-poland.global\/pl\/wp-json\/wp\/v2\/posts\/19977\/revisions\/19981"}],"wp:featuredmedia":[{"embeddable":true,"href":"https:\/\/hlb-poland.global\/pl\/wp-json\/wp\/v2\/media\/19978"}],"wp:attachment":[{"href":"https:\/\/hlb-poland.global\/pl\/wp-json\/wp\/v2\/media?parent=19977"}],"wp:term":[{"taxonomy":"category","embeddable":true,"href":"https:\/\/hlb-poland.global\/pl\/wp-json\/wp\/v2\/categories?post=19977"},{"taxonomy":"post_tag","embeddable":true,"href":"https:\/\/hlb-poland.global\/pl\/wp-json\/wp\/v2\/tags?post=19977"}],"curies":[{"name":"wp","href":"https:\/\/api.w.org\/{rel}","templated":true}]}}