{"id":22519,"date":"2026-09-01T12:05:10","date_gmt":"2026-09-01T11:05:10","guid":{"rendered":"https:\/\/hlb-poland.global\/?p=22519"},"modified":"2026-09-01T12:05:11","modified_gmt":"2026-09-01T11:05:11","slug":"limity-temperatury-w-pracy-od-2027-r-nowe-obowiazki-dla-pracodawcow","status":"publish","type":"post","link":"https:\/\/hlb-poland.global\/pl\/limity-temperatury-w-pracy-od-2027-r-nowe-obowiazki-dla-pracodawcow\/","title":{"rendered":"Limity temperatury w pracy od 2027 r. \u2013 nowe obowi\u0105zki dla pracodawc\u00f3w"},"content":{"rendered":"\n<p class=\"wp-block-paragraph\">Od <strong>11 stycznia 2027 r.<\/strong> limity temperatury w pracy b\u0119d\u0105 wymaga\u0142y dzia\u0142ania po przekroczeniu <strong>28\u00b0C w pomieszczeniu<\/strong> lub <strong>25\u00b0C<\/strong> przy okre\u015blonej pracy fizycznej i pracy na zewn\u0105trz. Powy\u017cej <strong>35\u00b0C w pomieszczeniu<\/strong> albo <strong>32\u00b0C<\/strong> przy wskazanej pracy fizycznej na zewn\u0105trz praca nie b\u0119dzie mog\u0142a by\u0107 wykonywana, je\u015bli przekroczenie wynika z pogody.<\/p>\n\n\n<div class=\"table-of-contents\"><p style=\"font-weight: 600; font-size: 20px; margin-bottom: 10px;\">W tym artykule znajdziesz:<\/p><ul class=\"menu\"><li><a href=\"#jakie-limity-temperatury-w-pracy-beda-obowiazywac-od-2027-r\">Jakie limity temperatury w pracy b\u0119d\u0105 obowi\u0105zywa\u0107 od 2027 r.?<\/a><\/li><li><a href=\"#kiedy-trzeba-wstrzymac-prace\">Kiedy trzeba wstrzyma\u0107 prac\u0119?<\/a><\/li><li><a href=\"#jakie-dzialania-musi-podjac-pracodawca\">Jakie dzia\u0142ania musi podj\u0105\u0107 pracodawca?<\/a><\/li><li><a href=\"#jak-ustalic-procedury-na-czas-upalow\">Jak ustali\u0107 procedury na czas upa\u0142\u00f3w?<\/a><\/li><li><a href=\"#czy-nowe-obowiazki-zastepuja-zasady-dotyczace-napojow\">Czy nowe obowi\u0105zki zast\u0119puj\u0105 zasady dotycz\u0105ce napoj\u00f3w?<\/a><\/li><\/ul><\/div><script>\n        document.addEventListener(\"DOMContentLoaded\", function () {\n            document.querySelectorAll(\".table-of-contents a\").forEach(anchor => {\n                anchor.addEventListener(\"click\", function (e) {\n                    e.preventDefault();\n                    const targetId = this.getAttribute(\"href\").substring(1);\n                    const targetElement = document.getElementById(targetId);\n                    if (targetElement) {\n                        const offset = 123;\n                        const elementPosition = targetElement.getBoundingClientRect().top + window.scrollY;\n                        window.scrollTo({\n                            top: elementPosition - offset,\n                            behavior: \"smooth\"\n                        });\n                    }\n                });\n            });\n        });\n    <\/script>\n\n\n<hr\/><h2 id=\"jakie-limity-temperatury-w-pracy-beda-obowiazywac-od-2027-r\" class=\"wp-block-heading toc-header\">Jakie limity temperatury w pracy b\u0119d\u0105 obowi\u0105zywa\u0107 od 2027 r.?<\/h2>\n\n\n\n<p class=\"wp-block-paragraph\">Rozporz\u0105dzenie Ministra Rodziny, Pracy i Polityki Spo\u0142ecznej z <strong>9 lipca 2026 r.<\/strong> (Dz.U. 2026 poz. 927) wprowadza dwa poziomy prog\u00f3w:<\/p>\n\n\n\n<ul class=\"wp-block-list\">\n<li><strong>powy\u017cej 28\u00b0C w pomieszczeniu<\/strong> \u2013 rozwi\u0105zania techniczne lub organizacyjne;<\/li>\n\n\n\n<li><strong>powy\u017cej 25\u00b0C w pomieszczeniu<\/strong> przy okre\u015blonym du\u017cym wysi\u0142ku fizycznym \u2013 rozwi\u0105zania techniczne lub organizacyjne;<\/li>\n\n\n\n<li><strong>powy\u017cej 25\u00b0C na zewn\u0105trz<\/strong> \u2013 rozwi\u0105zania organizacyjne;<\/li>\n\n\n\n<li><strong>powy\u017cej 35\u00b0C w pomieszczeniu<\/strong> \u2013 zakaz wykonywania pracy przy przekroczeniu spowodowanym pogod\u0105;<\/li>\n\n\n\n<li><strong>powy\u017cej 32\u00b0C na zewn\u0105trz<\/strong> \u2013 zakaz tylko dla okre\u015blonych prac fizycznych obj\u0119tych rozporz\u0105dzeniem.<\/li>\n<\/ul>\n\n\n\n<p class=\"wp-block-paragraph\">Ni\u017csze progi dotycz\u0105 pracy z wydatkiem energetycznym ponad <strong>1500 kcal (6280 kJ) u m\u0119\u017cczyzn<\/strong> i <strong>1000 kcal (4187 kJ) u kobiet<\/strong> na zmian\u0119. Obowi\u0105zek powstaje po <strong>przekroczeniu<\/strong> progu, nie po jego osi\u0105gni\u0119ciu.<\/p>\n\n\n\n<hr\/><h2 id=\"kiedy-trzeba-wstrzymac-prace\" class=\"wp-block-heading toc-header\">Kiedy trzeba wstrzyma\u0107 prac\u0119?<\/h2>\n\n\n\n<p class=\"wp-block-paragraph\">Zakaz dotyczy przekroczenia <strong>35\u00b0C w pomieszczeniu<\/strong> lub <strong>32\u00b0C przy wskazanej pracy fizycznej na zewn\u0105trz<\/strong>, je\u015bli temperatura wynika z warunk\u00f3w atmosferycznych. Przy temperaturze wynikaj\u0105cej z procesu technologicznego zakaz nie dzia\u0142a automatycznie, je\u015bli wzgl\u0119dy technologiczne nie pozwalaj\u0105 utrzyma\u0107 ni\u017cszej temperatury.<\/p>\n\n\n\n<hr\/><h2 id=\"jakie-dzialania-musi-podjac-pracodawca\" class=\"wp-block-heading toc-header\">Jakie dzia\u0142ania musi podj\u0105\u0107 pracodawca?<\/h2>\n\n\n\n<p class=\"wp-block-paragraph\">Po przekroczeniu ni\u017cszych prog\u00f3w pracodawca powinien zastosowa\u0107 rozwi\u0105zania techniczne ograniczaj\u0105ce temperatur\u0119 albo rozwi\u0105zania organizacyjne minimalizuj\u0105ce wp\u0142yw upa\u0142u na zdrowie pracownik\u00f3w.<\/p>\n\n\n\n<p class=\"wp-block-paragraph\"><strong>Klimatyzacja nie jest obowi\u0105zkowa.<\/strong> Mo\u017cliwe s\u0105 m.in. dodatkowe przerwy, skr\u00f3cenie czasu pracy lub zmiana organizacji pracy tak, aby ograniczy\u0107 obowi\u0105zki w najgor\u0119tszej cz\u0119\u015bci dnia.<\/p>\n\n\n\n<hr\/><h2 id=\"jak-ustalic-procedury-na-czas-upalow\" class=\"wp-block-heading toc-header\">Jak ustali\u0107 procedury na czas upa\u0142\u00f3w?<\/h2>\n\n\n\n<p class=\"wp-block-paragraph\">Je\u017celi dzia\u0142a komisja BHP, rozwi\u0105zania organizacyjne nale\u017cy konsultowa\u0107 z pracownikami w jej ramach. Komisja jest obowi\u0105zkowa u pracodawc\u00f3w zatrudniaj\u0105cych <strong>wi\u0119cej ni\u017c 250 pracownik\u00f3w<\/strong>.<\/p>\n\n\n\n<p class=\"wp-block-paragraph\">Bez komisji rozwi\u0105zania ustala si\u0119 w trybie art. 237^11a Kodeksu pracy i zasi\u0119ga opinii lekarza profilaktycznej opieki zdrowotnej. Pracownik\u00f3w trzeba nast\u0119pnie poinformowa\u0107 o przyj\u0119tych zasadach.<\/p>\n\n\n\n<hr\/><h2 id=\"czy-nowe-obowiazki-zastepuja-zasady-dotyczace-napojow\" class=\"wp-block-heading toc-header\">Czy nowe obowi\u0105zki zast\u0119puj\u0105 zasady dotycz\u0105ce napoj\u00f3w?<\/h2>\n\n\n\n<p class=\"wp-block-paragraph\">Nie. Nadal obowi\u0105zuje m.in. zapewnienie napoj\u00f3w przy pracy <strong>na zewn\u0105trz powy\u017cej 25\u00b0C<\/strong> oraz na stanowiskach, gdzie temperatura atmosferyczna <strong>przekracza 28\u00b0C<\/strong>. Od 2027 r. te progi mog\u0105 r\u00f3wnolegle uruchamia\u0107 obowi\u0105zek zapewnienia napoj\u00f3w i nowe dzia\u0142ania BHP.<\/p>\n\n\n\n<p class=\"wp-block-paragraph\">Przed wej\u015bciem zmian firmy powinny ustali\u0107 monitoring temperatury, odpowiedzialno\u015b\u0107 za reakcj\u0119 i procedury dla <strong>25\u00b0C, 28\u00b0C, 32\u00b0C i 35\u00b0C<\/strong>. Wyj\u0105tki trzeba czyta\u0107 precyzyjnie: \u00a7 30a ust. 8 wy\u0142\u0105cza ust. 1, a nie wszystkie nowe obowi\u0105zki.<\/p>\n\n\n\n<div class=\"indent-section-container\"><span class=\"indent-section-heading\">Pe\u0142n\u0105 wersj\u0119 artyku\u0142u mo\u017cna przeczyta\u0107 tutaj: <\/span><p><a href=\"https:\/\/getsix.pl\/getsix-blog-pl\/podatki-i-prawo-alerts-polska\/kadry-place-prawo-pracy\/limity-temperatury-w-pracy\/\">Limity temperatury w pracy od 2027 r. \u2013 nowe obowi\u0105zki dla pracodawc\u00f3w<\/a><\/p><\/div>\n\n\n\n<p class=\"wp-block-paragraph\"><\/p>\n","protected":false},"excerpt":{"rendered":"<p>Od 11 stycznia 2027 r. limity temperatury w pracy b\u0119d\u0105 wymaga\u0142y dzia\u0142ania po przekroczeniu 28\u00b0C w pomieszczeniu lub 25\u00b0C przy..<\/p>\n<div class=\"clear\"><\/div><a class=\"more-link\" href=\"https:\/\/hlb-poland.global\/pl\/limity-temperatury-w-pracy-od-2027-r-nowe-obowiazki-dla-pracodawcow\/\"> Dowiedz si\u0119 wi\u0119cej <\/a>","protected":false},"author":4,"featured_media":22521,"comment_status":"open","ping_status":"closed","sticky":false,"template":"press-room.php","format":"standard","meta":{"_acf_changed":false,"footnotes":""},"categories":[250],"tags":[1540,331,1271,999,452],"class_list":["post-22519","post","type-post","status-publish","format-standard","has-post-thumbnail","hentry","category-informacje-prasowe","tag-1540","tag-hr-pl","tag-kadry","tag-prawo-pracy","tag-uslugi-kadrowo-placowe"],"acf":[],"yoast_head":"<!-- This site is optimized with the Yoast SEO plugin v28.3 - https:\/\/yoast.com\/product\/yoast-seo-wordpress\/ -->\n<title>Limity temperatury w pracy od 2027 r. \u2013 obowi\u0105zki firm<\/title>\n<meta name=\"description\" content=\"Limity temperatury w pracy od 2027 r.: sprawd\u017a progi 25\u00b0C, 28\u00b0C, 32\u00b0C i 35\u00b0C oraz nowe obowi\u0105zki pracodawc\u00f3w wynikaj\u0105ce z przepis\u00f3w BHP.\" \/>\n<meta name=\"robots\" content=\"index, follow, max-snippet:-1, max-image-preview:large, max-video-preview:-1\" \/>\n<link rel=\"canonical\" href=\"https:\/\/hlb-poland.global\/pl\/limity-temperatury-w-pracy-od-2027-r-nowe-obowiazki-dla-pracodawcow\/\" \/>\n<meta property=\"og:locale\" content=\"pl_PL\" \/>\n<meta property=\"og:type\" content=\"article\" \/>\n<meta property=\"og:title\" content=\"Limity temperatury w pracy od 2027 r. \u2013 obowi\u0105zki firm\" \/>\n<meta property=\"og:description\" content=\"Limity temperatury w pracy od 2027 r.: sprawd\u017a progi 25\u00b0C, 28\u00b0C, 32\u00b0C i 35\u00b0C oraz nowe obowi\u0105zki pracodawc\u00f3w wynikaj\u0105ce z przepis\u00f3w BHP.\" \/>\n<meta property=\"og:url\" content=\"https:\/\/hlb-poland.global\/pl\/limity-temperatury-w-pracy-od-2027-r-nowe-obowiazki-dla-pracodawcow\/\" \/>\n<meta property=\"og:site_name\" content=\"HLB Poland\" \/>\n<meta property=\"article:publisher\" content=\"https:\/\/www.facebook.com\/HLBPoland\" \/>\n<meta property=\"article:published_time\" content=\"2026-09-01T11:05:10+00:00\" \/>\n<meta property=\"article:modified_time\" content=\"2026-09-01T11:05:11+00:00\" \/>\n<meta property=\"og:image\" content=\"https:\/\/hlb-poland.global\/wp-content\/uploads\/2026\/09\/limity-temperatury-w-pracy-od-2027-r-nowe-obowiazki-dla-pracodawcow.jpg\" \/>\n\t<meta property=\"og:image:width\" content=\"1116\" \/>\n\t<meta property=\"og:image:height\" content=\"586\" \/>\n\t<meta property=\"og:image:type\" content=\"image\/jpeg\" \/>\n<meta name=\"author\" content=\"HLB Poland\" \/>\n<meta name=\"twitter:card\" content=\"summary_large_image\" \/>\n<meta name=\"twitter:label1\" content=\"Napisane przez\" \/>\n\t<meta name=\"twitter:data1\" content=\"HLB Poland\" \/>\n<script type=\"application\/ld+json\" class=\"yoast-schema-graph\">{\"@context\":\"https:\\\/\\\/schema.org\",\"@graph\":[{\"@type\":\"Article\",\"@id\":\"https:\\\/\\\/hlb-poland.global\\\/pl\\\/limity-temperatury-w-pracy-od-2027-r-nowe-obowiazki-dla-pracodawcow\\\/#article\",\"isPartOf\":{\"@id\":\"https:\\\/\\\/hlb-poland.global\\\/pl\\\/limity-temperatury-w-pracy-od-2027-r-nowe-obowiazki-dla-pracodawcow\\\/\"},\"author\":{\"name\":\"HLB Poland\",\"@id\":\"https:\\\/\\\/hlb-poland.global\\\/#\\\/schema\\\/person\\\/ea4195936503cebcda5018abaa3182f0\"},\"headline\":\"Limity temperatury w pracy od 2027 r. \u2013 nowe obowi\u0105zki dla pracodawc\u00f3w\",\"datePublished\":\"2026-09-01T11:05:10+00:00\",\"dateModified\":\"2026-09-01T11:05:11+00:00\",\"mainEntityOfPage\":{\"@id\":\"https:\\\/\\\/hlb-poland.global\\\/pl\\\/limity-temperatury-w-pracy-od-2027-r-nowe-obowiazki-dla-pracodawcow\\\/\"},\"wordCount\":495,\"commentCount\":0,\"publisher\":{\"@id\":\"https:\\\/\\\/hlb-poland.global\\\/#organization\"},\"image\":{\"@id\":\"https:\\\/\\\/hlb-poland.global\\\/pl\\\/limity-temperatury-w-pracy-od-2027-r-nowe-obowiazki-dla-pracodawcow\\\/#primaryimage\"},\"thumbnailUrl\":\"https:\\\/\\\/hlb-poland.global\\\/wp-content\\\/uploads\\\/2026\\\/09\\\/limity-temperatury-w-pracy-od-2027-r-nowe-obowiazki-dla-pracodawcow.jpg\",\"keywords\":[\"2026\",\"HR\",\"Kadry\",\"Prawo pracy\",\"Us\u0142ugi kadrowo-p\u0142acowe\"],\"articleSection\":[\"Informacje prasowe od HLB Poland\"],\"inLanguage\":\"pl-PL\",\"potentialAction\":[{\"@type\":\"CommentAction\",\"name\":\"Comment\",\"target\":[\"https:\\\/\\\/hlb-poland.global\\\/pl\\\/limity-temperatury-w-pracy-od-2027-r-nowe-obowiazki-dla-pracodawcow\\\/#respond\"]}]},{\"@type\":\"WebPage\",\"@id\":\"https:\\\/\\\/hlb-poland.global\\\/pl\\\/limity-temperatury-w-pracy-od-2027-r-nowe-obowiazki-dla-pracodawcow\\\/\",\"url\":\"https:\\\/\\\/hlb-poland.global\\\/pl\\\/limity-temperatury-w-pracy-od-2027-r-nowe-obowiazki-dla-pracodawcow\\\/\",\"name\":\"Limity temperatury w pracy od 2027 r. \u2013 obowi\u0105zki firm\",\"isPartOf\":{\"@id\":\"https:\\\/\\\/hlb-poland.global\\\/#website\"},\"primaryImageOfPage\":{\"@id\":\"https:\\\/\\\/hlb-poland.global\\\/pl\\\/limity-temperatury-w-pracy-od-2027-r-nowe-obowiazki-dla-pracodawcow\\\/#primaryimage\"},\"image\":{\"@id\":\"https:\\\/\\\/hlb-poland.global\\\/pl\\\/limity-temperatury-w-pracy-od-2027-r-nowe-obowiazki-dla-pracodawcow\\\/#primaryimage\"},\"thumbnailUrl\":\"https:\\\/\\\/hlb-poland.global\\\/wp-content\\\/uploads\\\/2026\\\/09\\\/limity-temperatury-w-pracy-od-2027-r-nowe-obowiazki-dla-pracodawcow.jpg\",\"datePublished\":\"2026-09-01T11:05:10+00:00\",\"dateModified\":\"2026-09-01T11:05:11+00:00\",\"description\":\"Limity temperatury w pracy od 2027 r.: sprawd\u017a progi 25\u00b0C, 28\u00b0C, 32\u00b0C i 35\u00b0C oraz nowe obowi\u0105zki pracodawc\u00f3w wynikaj\u0105ce z przepis\u00f3w BHP.\",\"breadcrumb\":{\"@id\":\"https:\\\/\\\/hlb-poland.global\\\/pl\\\/limity-temperatury-w-pracy-od-2027-r-nowe-obowiazki-dla-pracodawcow\\\/#breadcrumb\"},\"inLanguage\":\"pl-PL\",\"potentialAction\":[{\"@type\":\"ReadAction\",\"target\":[\"https:\\\/\\\/hlb-poland.global\\\/pl\\\/limity-temperatury-w-pracy-od-2027-r-nowe-obowiazki-dla-pracodawcow\\\/\"]}]},{\"@type\":\"ImageObject\",\"inLanguage\":\"pl-PL\",\"@id\":\"https:\\\/\\\/hlb-poland.global\\\/pl\\\/limity-temperatury-w-pracy-od-2027-r-nowe-obowiazki-dla-pracodawcow\\\/#primaryimage\",\"url\":\"https:\\\/\\\/hlb-poland.global\\\/wp-content\\\/uploads\\\/2026\\\/09\\\/limity-temperatury-w-pracy-od-2027-r-nowe-obowiazki-dla-pracodawcow.jpg\",\"contentUrl\":\"https:\\\/\\\/hlb-poland.global\\\/wp-content\\\/uploads\\\/2026\\\/09\\\/limity-temperatury-w-pracy-od-2027-r-nowe-obowiazki-dla-pracodawcow.jpg\",\"width\":1116,\"height\":586,\"caption\":\"Limity temperatury w pracy od 2027 r. \u2013 nowe obowi\u0105zki dla pracodawc\u00f3w\"},{\"@type\":\"BreadcrumbList\",\"@id\":\"https:\\\/\\\/hlb-poland.global\\\/pl\\\/limity-temperatury-w-pracy-od-2027-r-nowe-obowiazki-dla-pracodawcow\\\/#breadcrumb\",\"itemListElement\":[{\"@type\":\"ListItem\",\"position\":1,\"name\":\"Strona g\u0142\u00f3wna\",\"item\":\"https:\\\/\\\/hlb-poland.global\\\/pl\\\/\"},{\"@type\":\"ListItem\",\"position\":2,\"name\":\"Limity temperatury w pracy od 2027 r. \u2013 nowe obowi\u0105zki dla pracodawc\u00f3w\"}]},{\"@type\":\"WebSite\",\"@id\":\"https:\\\/\\\/hlb-poland.global\\\/#website\",\"url\":\"https:\\\/\\\/hlb-poland.global\\\/\",\"name\":\"HLB Poland\",\"description\":\"Advisory and accounting\",\"publisher\":{\"@id\":\"https:\\\/\\\/hlb-poland.global\\\/#organization\"},\"potentialAction\":[{\"@type\":\"SearchAction\",\"target\":{\"@type\":\"EntryPoint\",\"urlTemplate\":\"https:\\\/\\\/hlb-poland.global\\\/?s={search_term_string}\"},\"query-input\":{\"@type\":\"PropertyValueSpecification\",\"valueRequired\":true,\"valueName\":\"search_term_string\"}}],\"inLanguage\":\"pl-PL\"},{\"@type\":\"Organization\",\"@id\":\"https:\\\/\\\/hlb-poland.global\\\/#organization\",\"name\":\"HLB Poland\",\"url\":\"https:\\\/\\\/hlb-poland.global\\\/\",\"logo\":{\"@type\":\"ImageObject\",\"inLanguage\":\"pl-PL\",\"@id\":\"https:\\\/\\\/hlb-poland.global\\\/#\\\/schema\\\/logo\\\/image\\\/\",\"url\":\"https:\\\/\\\/hlb-poland.global\\\/wp-content\\\/uploads\\\/2025\\\/12\\\/hlb-poland-og-image.png\",\"contentUrl\":\"https:\\\/\\\/hlb-poland.global\\\/wp-content\\\/uploads\\\/2025\\\/12\\\/hlb-poland-og-image.png\",\"width\":1200,\"height\":630,\"caption\":\"HLB Poland\"},\"image\":{\"@id\":\"https:\\\/\\\/hlb-poland.global\\\/#\\\/schema\\\/logo\\\/image\\\/\"},\"sameAs\":[\"https:\\\/\\\/www.facebook.com\\\/HLBPoland\",\"https:\\\/\\\/www.linkedin.com\\\/company\\\/hlb-poland\"]},{\"@type\":\"Person\",\"@id\":\"https:\\\/\\\/hlb-poland.global\\\/#\\\/schema\\\/person\\\/ea4195936503cebcda5018abaa3182f0\",\"name\":\"HLB Poland\",\"image\":{\"@type\":\"ImageObject\",\"inLanguage\":\"pl-PL\",\"@id\":\"https:\\\/\\\/secure.gravatar.com\\\/avatar\\\/f8c08eab88f3884687a4b0931b327fb8fd9e8fbde701da5573e0899fac7b0180?s=96&d=mm&r=g\",\"url\":\"https:\\\/\\\/secure.gravatar.com\\\/avatar\\\/f8c08eab88f3884687a4b0931b327fb8fd9e8fbde701da5573e0899fac7b0180?s=96&d=mm&r=g\",\"contentUrl\":\"https:\\\/\\\/secure.gravatar.com\\\/avatar\\\/f8c08eab88f3884687a4b0931b327fb8fd9e8fbde701da5573e0899fac7b0180?s=96&d=mm&r=g\",\"caption\":\"HLB Poland\"}}]}<\/script>\n<!-- \/ Yoast SEO plugin. -->","yoast_head_json":{"title":"Limity temperatury w pracy od 2027 r. \u2013 obowi\u0105zki firm","description":"Limity temperatury w pracy od 2027 r.: sprawd\u017a progi 25\u00b0C, 28\u00b0C, 32\u00b0C i 35\u00b0C oraz nowe obowi\u0105zki pracodawc\u00f3w wynikaj\u0105ce z przepis\u00f3w BHP.","robots":{"index":"index","follow":"follow","max-snippet":"max-snippet:-1","max-image-preview":"max-image-preview:large","max-video-preview":"max-video-preview:-1"},"canonical":"https:\/\/hlb-poland.global\/pl\/limity-temperatury-w-pracy-od-2027-r-nowe-obowiazki-dla-pracodawcow\/","og_locale":"pl_PL","og_type":"article","og_title":"Limity temperatury w pracy od 2027 r. \u2013 obowi\u0105zki firm","og_description":"Limity temperatury w pracy od 2027 r.: sprawd\u017a progi 25\u00b0C, 28\u00b0C, 32\u00b0C i 35\u00b0C oraz nowe obowi\u0105zki pracodawc\u00f3w wynikaj\u0105ce z przepis\u00f3w BHP.","og_url":"https:\/\/hlb-poland.global\/pl\/limity-temperatury-w-pracy-od-2027-r-nowe-obowiazki-dla-pracodawcow\/","og_site_name":"HLB Poland","article_publisher":"https:\/\/www.facebook.com\/HLBPoland","article_published_time":"2026-09-01T11:05:10+00:00","article_modified_time":"2026-09-01T11:05:11+00:00","og_image":[{"width":1116,"height":586,"url":"https:\/\/hlb-poland.global\/wp-content\/uploads\/2026\/09\/limity-temperatury-w-pracy-od-2027-r-nowe-obowiazki-dla-pracodawcow.jpg","type":"image\/jpeg"}],"author":"HLB Poland","twitter_card":"summary_large_image","twitter_misc":{"Napisane przez":"HLB Poland"},"schema":{"@context":"https:\/\/schema.org","@graph":[{"@type":"Article","@id":"https:\/\/hlb-poland.global\/pl\/limity-temperatury-w-pracy-od-2027-r-nowe-obowiazki-dla-pracodawcow\/#article","isPartOf":{"@id":"https:\/\/hlb-poland.global\/pl\/limity-temperatury-w-pracy-od-2027-r-nowe-obowiazki-dla-pracodawcow\/"},"author":{"name":"HLB Poland","@id":"https:\/\/hlb-poland.global\/#\/schema\/person\/ea4195936503cebcda5018abaa3182f0"},"headline":"Limity temperatury w pracy od 2027 r. \u2013 nowe obowi\u0105zki dla pracodawc\u00f3w","datePublished":"2026-09-01T11:05:10+00:00","dateModified":"2026-09-01T11:05:11+00:00","mainEntityOfPage":{"@id":"https:\/\/hlb-poland.global\/pl\/limity-temperatury-w-pracy-od-2027-r-nowe-obowiazki-dla-pracodawcow\/"},"wordCount":495,"commentCount":0,"publisher":{"@id":"https:\/\/hlb-poland.global\/#organization"},"image":{"@id":"https:\/\/hlb-poland.global\/pl\/limity-temperatury-w-pracy-od-2027-r-nowe-obowiazki-dla-pracodawcow\/#primaryimage"},"thumbnailUrl":"https:\/\/hlb-poland.global\/wp-content\/uploads\/2026\/09\/limity-temperatury-w-pracy-od-2027-r-nowe-obowiazki-dla-pracodawcow.jpg","keywords":["2026","HR","Kadry","Prawo pracy","Us\u0142ugi kadrowo-p\u0142acowe"],"articleSection":["Informacje prasowe od HLB Poland"],"inLanguage":"pl-PL","potentialAction":[{"@type":"CommentAction","name":"Comment","target":["https:\/\/hlb-poland.global\/pl\/limity-temperatury-w-pracy-od-2027-r-nowe-obowiazki-dla-pracodawcow\/#respond"]}]},{"@type":"WebPage","@id":"https:\/\/hlb-poland.global\/pl\/limity-temperatury-w-pracy-od-2027-r-nowe-obowiazki-dla-pracodawcow\/","url":"https:\/\/hlb-poland.global\/pl\/limity-temperatury-w-pracy-od-2027-r-nowe-obowiazki-dla-pracodawcow\/","name":"Limity temperatury w pracy od 2027 r. \u2013 obowi\u0105zki firm","isPartOf":{"@id":"https:\/\/hlb-poland.global\/#website"},"primaryImageOfPage":{"@id":"https:\/\/hlb-poland.global\/pl\/limity-temperatury-w-pracy-od-2027-r-nowe-obowiazki-dla-pracodawcow\/#primaryimage"},"image":{"@id":"https:\/\/hlb-poland.global\/pl\/limity-temperatury-w-pracy-od-2027-r-nowe-obowiazki-dla-pracodawcow\/#primaryimage"},"thumbnailUrl":"https:\/\/hlb-poland.global\/wp-content\/uploads\/2026\/09\/limity-temperatury-w-pracy-od-2027-r-nowe-obowiazki-dla-pracodawcow.jpg","datePublished":"2026-09-01T11:05:10+00:00","dateModified":"2026-09-01T11:05:11+00:00","description":"Limity temperatury w pracy od 2027 r.: sprawd\u017a progi 25\u00b0C, 28\u00b0C, 32\u00b0C i 35\u00b0C oraz nowe obowi\u0105zki pracodawc\u00f3w wynikaj\u0105ce z przepis\u00f3w BHP.","breadcrumb":{"@id":"https:\/\/hlb-poland.global\/pl\/limity-temperatury-w-pracy-od-2027-r-nowe-obowiazki-dla-pracodawcow\/#breadcrumb"},"inLanguage":"pl-PL","potentialAction":[{"@type":"ReadAction","target":["https:\/\/hlb-poland.global\/pl\/limity-temperatury-w-pracy-od-2027-r-nowe-obowiazki-dla-pracodawcow\/"]}]},{"@type":"ImageObject","inLanguage":"pl-PL","@id":"https:\/\/hlb-poland.global\/pl\/limity-temperatury-w-pracy-od-2027-r-nowe-obowiazki-dla-pracodawcow\/#primaryimage","url":"https:\/\/hlb-poland.global\/wp-content\/uploads\/2026\/09\/limity-temperatury-w-pracy-od-2027-r-nowe-obowiazki-dla-pracodawcow.jpg","contentUrl":"https:\/\/hlb-poland.global\/wp-content\/uploads\/2026\/09\/limity-temperatury-w-pracy-od-2027-r-nowe-obowiazki-dla-pracodawcow.jpg","width":1116,"height":586,"caption":"Limity temperatury w pracy od 2027 r. \u2013 nowe obowi\u0105zki dla pracodawc\u00f3w"},{"@type":"BreadcrumbList","@id":"https:\/\/hlb-poland.global\/pl\/limity-temperatury-w-pracy-od-2027-r-nowe-obowiazki-dla-pracodawcow\/#breadcrumb","itemListElement":[{"@type":"ListItem","position":1,"name":"Strona g\u0142\u00f3wna","item":"https:\/\/hlb-poland.global\/pl\/"},{"@type":"ListItem","position":2,"name":"Limity temperatury w pracy od 2027 r. \u2013 nowe obowi\u0105zki dla pracodawc\u00f3w"}]},{"@type":"WebSite","@id":"https:\/\/hlb-poland.global\/#website","url":"https:\/\/hlb-poland.global\/","name":"HLB Poland","description":"Advisory and accounting","publisher":{"@id":"https:\/\/hlb-poland.global\/#organization"},"potentialAction":[{"@type":"SearchAction","target":{"@type":"EntryPoint","urlTemplate":"https:\/\/hlb-poland.global\/?s={search_term_string}"},"query-input":{"@type":"PropertyValueSpecification","valueRequired":true,"valueName":"search_term_string"}}],"inLanguage":"pl-PL"},{"@type":"Organization","@id":"https:\/\/hlb-poland.global\/#organization","name":"HLB Poland","url":"https:\/\/hlb-poland.global\/","logo":{"@type":"ImageObject","inLanguage":"pl-PL","@id":"https:\/\/hlb-poland.global\/#\/schema\/logo\/image\/","url":"https:\/\/hlb-poland.global\/wp-content\/uploads\/2025\/12\/hlb-poland-og-image.png","contentUrl":"https:\/\/hlb-poland.global\/wp-content\/uploads\/2025\/12\/hlb-poland-og-image.png","width":1200,"height":630,"caption":"HLB Poland"},"image":{"@id":"https:\/\/hlb-poland.global\/#\/schema\/logo\/image\/"},"sameAs":["https:\/\/www.facebook.com\/HLBPoland","https:\/\/www.linkedin.com\/company\/hlb-poland"]},{"@type":"Person","@id":"https:\/\/hlb-poland.global\/#\/schema\/person\/ea4195936503cebcda5018abaa3182f0","name":"HLB Poland","image":{"@type":"ImageObject","inLanguage":"pl-PL","@id":"https:\/\/secure.gravatar.com\/avatar\/f8c08eab88f3884687a4b0931b327fb8fd9e8fbde701da5573e0899fac7b0180?s=96&d=mm&r=g","url":"https:\/\/secure.gravatar.com\/avatar\/f8c08eab88f3884687a4b0931b327fb8fd9e8fbde701da5573e0899fac7b0180?s=96&d=mm&r=g","contentUrl":"https:\/\/secure.gravatar.com\/avatar\/f8c08eab88f3884687a4b0931b327fb8fd9e8fbde701da5573e0899fac7b0180?s=96&d=mm&r=g","caption":"HLB Poland"}}]}},"_links":{"self":[{"href":"https:\/\/hlb-poland.global\/pl\/wp-json\/wp\/v2\/posts\/22519","targetHints":{"allow":["GET"]}}],"collection":[{"href":"https:\/\/hlb-poland.global\/pl\/wp-json\/wp\/v2\/posts"}],"about":[{"href":"https:\/\/hlb-poland.global\/pl\/wp-json\/wp\/v2\/types\/post"}],"author":[{"embeddable":true,"href":"https:\/\/hlb-poland.global\/pl\/wp-json\/wp\/v2\/users\/4"}],"replies":[{"embeddable":true,"href":"https:\/\/hlb-poland.global\/pl\/wp-json\/wp\/v2\/comments?post=22519"}],"version-history":[{"count":1,"href":"https:\/\/hlb-poland.global\/pl\/wp-json\/wp\/v2\/posts\/22519\/revisions"}],"predecessor-version":[{"id":22520,"href":"https:\/\/hlb-poland.global\/pl\/wp-json\/wp\/v2\/posts\/22519\/revisions\/22520"}],"wp:featuredmedia":[{"embeddable":true,"href":"https:\/\/hlb-poland.global\/pl\/wp-json\/wp\/v2\/media\/22521"}],"wp:attachment":[{"href":"https:\/\/hlb-poland.global\/pl\/wp-json\/wp\/v2\/media?parent=22519"}],"wp:term":[{"taxonomy":"category","embeddable":true,"href":"https:\/\/hlb-poland.global\/pl\/wp-json\/wp\/v2\/categories?post=22519"},{"taxonomy":"post_tag","embeddable":true,"href":"https:\/\/hlb-poland.global\/pl\/wp-json\/wp\/v2\/tags?post=22519"}],"curies":[{"name":"wp","href":"https:\/\/api.w.org\/{rel}","templated":true}]}}