
{"id":9150,"date":"2022-04-12T14:04:22","date_gmt":"2022-04-12T13:04:22","guid":{"rendered":"https:\/\/hlb-poland.global\/?p=9150"},"modified":"2022-10-14T14:41:17","modified_gmt":"2022-10-14T13:41:17","slug":"wydluzenie-terminow-sprawozdawczych-oraz-rozliczeniowych-cit-za-2021-rok","status":"publish","type":"post","link":"https:\/\/hlb-poland.global\/pl\/wydluzenie-terminow-sprawozdawczych-oraz-rozliczeniowych-cit-za-2021-rok\/","title":{"rendered":"Wyd\u0142u\u017cenie termin\u00f3w sprawozdawczych oraz rozliczeniowych CIT za 2021 rok"},"content":{"rendered":"<p><img decoding=\"async\" loading=\"lazy\" src=\"https:\/\/hlb-poland.global\/wp-content\/uploads\/2022\/04\/wydluzenie-terminow-PL-1116.jpg\" alt=\"Wyd\u0142u\u017cenie termin\u00f3w sprawozdawczych oraz rozliczeniowych CIT za 2021 rok\" width=\"1116\" height=\"586\" class=\"aligncenter size-full wp-image-7323 global-commitment-globe img-fluid\" style=\"margin-bottom: 50px;\"><\/p>\n<h2>Wyd\u0142u\u017cenie termin\u00f3w sprawozdawczych<\/h2>\n<p>10 marca 2022 roku wesz\u0142o w \u017cycie rozporz\u0105dzenie Ministra Finans\u00f3w<sup><a href=\"#2022_561\" title=\"Rozporz\u0105dzenie Ministra Finans\u00f3w zmieniaj\u0105ce rozporz\u0105dzenie w sprawie okre\u015blenia innych termin\u00f3w wype\u0142niania obowi\u0105zk\u00f3w w zakresie ewidencji oraz w zakresie sporz\u0105dzenia...\">1<\/a><\/sup> zmieniaj\u0105ce terminy sprawozdawcze za 2021 rok.<\/p>\n<p>Zgodnie z jego tre\u015bci\u0105, terminy m.in. na <a href=\"https:\/\/getsix.pl\/nasze-uslugi\/doradztwo-podatkowe-w-polsce\/podatek-dochodowy-od-osob-prawnych-cit-w-polsce\/\" title=\"Podatek dochodowy od os\u00f3b prawnych (CIT) w Polsce\" class=\"link\">sporz\u0105dzenie, zatwierdzenie i przekazanie sprawozda\u0144 finansowych<\/a> przypadaj\u0105ce na 2022 rok ulegaj\u0105 wyd\u0142u\u017ceniu odpowiednio:<\/p>\n<ul>\n<li><span style=\"font-weight: bold;\">o 3 miesi\u0105ce<\/span> dla jednostek sektora prywatnego (z wy\u0142\u0105czeniem jednostek nadzorowanych przez KNF &#8211; dzia\u0142aj\u0105cych na rynku finansowym) oraz organizacji pozarz\u0105dowych;<\/li>\n<li><span style=\"font-weight: bold;\">o 3 miesi\u0105ce<\/span> dla podatnik\u00f3w podatku dochodowego od os\u00f3b fizycznych prowadz\u0105cych ksi\u0119gi rachunkowe (w zakresie przekazania sprawozdania finansowego Szefowi KAS);<\/li>\n<li><span style=\"font-weight: bold;\">o 1 miesi\u0105c<\/span> dla jednostek sektora finans\u00f3w publicznych.<\/li>\n<\/ul>\n<p>Przed\u0142u\u017cone terminy dotycz\u0105 w szczeg\u00f3lno\u015bci:<\/p>\n<ul>\n<li>inwentaryzacji,<\/li>\n<li>sporz\u0105dzenia zestawienia obrot\u00f3w i sald,<\/li>\n<li>sporz\u0105dzenia sprawozdania finansowego, jego przekazywania oraz zatwierdzenia dla wybranych jednostek,<\/li>\n<li>sporz\u0105dzania skonsolidowanych sprawozda\u0144 finansowych.<\/li>\n<\/ul>\n<p>Szczeg\u00f3\u0142owe informacje dotycz\u0105ce przed\u0142u\u017ce\u0144 termin\u00f3w dla poszczeg\u00f3lnych czynno\u015bci ewidencyjnych i sprawozdawczych za rok 2021 okre\u015blonych w ustawie o rachunkowo\u015bci, znajduj\u0105 si\u0119 w materia\u0142ach opublikowanych na stronie Ministerstwa Finans\u00f3w:<\/p>\n<ul>\n<li><a href=\"https:\/\/www.gov.pl\/attachment\/d0b03492-7b6c-4fc2-9051-d4d0e170c0c9\" target=\"_blank\" rel=\"noopener\" class=\"link\" title=\"Zmiany termin\u00f3w dla jednostek gospodarczych i organizacji pozarz\u0105dowych\">Zmiany termin\u00f3w dla jednostek gospodarczych i organizacji pozarz\u0105dowych<\/a><\/li>\n<li><a href=\"https:\/\/www.gov.pl\/attachment\/a0c28a4e-e333-4931-bfbe-534802eb720a\" target=\"_blank\" rel=\"noopener\" class=\"link\" title=\"Zmiany termin\u00f3w dla jednostek sektora finans\u00f3w publicznych\">Zmiany termin\u00f3w dla jednostek sektora finans\u00f3w publicznych<\/a><\/li>\n<\/ul>\n<hr \/>\n<h2>Wyd\u0142u\u017cenie termin\u00f3w rozliczeniowych<\/h2>\n<p>Zgodnie z rozporz\u0105dzeniem Ministra Finans\u00f3w, kt\u00f3re wesz\u0142o w \u017cycie 19 marca 2022 roku<sup><a href=\"#2022_639\" title=\"Rozporz\u0105dzenie Ministra Finans\u00f3w w sprawie przed\u0142u\u017cenia termin\u00f3w wykonania niekt\u00f3rych obowi\u0105zk\u00f3w w zakresie podatku dochodowego od os\u00f3b prawnych\">2<\/a><\/sup> przed\u0142u\u017cone zosta\u0142y r\u00f3wnie\u017c terminy wykonania niekt\u00f3rych obowi\u0105zk\u00f3w dotycz\u0105cych <a href=\"https:\/\/getsix.pl\/nasze-uslugi\/doradztwo-podatkowe-w-polsce\/podatek-dochodowy-od-osob-prawnych-cit-w-polsce\/\" title=\"Podatek dochodowy od os\u00f3b prawnych (CIT) w Polsce\" class=\"link\">rozliczania podatku dochodowego od os\u00f3b prawnych<\/a>.<\/p>\n<p>Zmiany dotycz\u0105 wszystkich podatnik\u00f3w podatku dochodowego od os\u00f3b prawnych (w tym opodatkowanych rycza\u0142tem od dochod\u00f3w sp\u00f3\u0142ek).<\/p>\n<p><span style=\"font-weight: bold;\">Do 30 czerwca 2022 roku<\/span> przed\u0142u\u017cone zosta\u0142y terminy:<\/p>\n<ul>\n<li>z\u0142o\u017cenia zeznania (CIT-8, CIT-8AB) o wysoko\u015bci osi\u0105gni\u0119tego dochodu (poniesionej straty);<\/li>\n<li>wp\u0142aty podatku nale\u017cnego wykazanego w wy\u017cej wymienionym zeznaniu, albo r\u00f3\u017cnicy mi\u0119dzy podatkiem nale\u017cnym od dochodu wykazanego w tym zeznaniu a sum\u0105 nale\u017cnych zaliczek za okres od pocz\u0105tku roku;<\/li>\n<li>z\u0142o\u017cenia deklaracji o wysoko\u015bci osi\u0105gni\u0119tego dochodu i nale\u017cnego rycza\u0142tu od dochod\u00f3w sp\u00f3\u0142ek kapita\u0142owych (CIT-8E),<\/li>\n<li>wykazania przychod\u00f3w, koszt\u00f3w oraz dochod\u00f3w z przekszta\u0142cenia w zeznaniu sk\u0142adanym przez podatnik\u00f3w rycza\u0142tu od dochod\u00f3w sp\u00f3\u0142ek.<\/li>\n<\/ul>\n<p><sup><a name=\"2022_561\" style=\"scroll-margin-top: 150px;\">1<\/a><\/sup> Rozporz\u0105dzenie Ministra Finans\u00f3w zmieniaj\u0105ce rozporz\u0105dzenie w sprawie okre\u015blenia innych termin\u00f3w wype\u0142niania obowi\u0105zk\u00f3w w zakresie ewidencji oraz w zakresie sporz\u0105dzenia, zatwierdzenia, udost\u0119pnienia i przekazania do w\u0142a\u015bciwego rejestru, jednostki lub organu sprawozda\u0144 lub informacji (<a href=\"https:\/\/dziennikustaw.gov.pl\/DU\/2022\/561\" target=\"_blank\" rel=\"noopener\" class=\"link\" title=\"Rozporz\u0105dzenie Ministra Finans\u00f3w zmieniaj\u0105ce rozporz\u0105dzenie w sprawie okre\u015blenia innych termin\u00f3w wype\u0142niania obowi\u0105zk\u00f3w w zakresie ewidencji oraz w zakresie sporz\u0105dzenia, zatwierdzenia...\">Dziennik Ustaw 2022 r. poz. 561<\/a>).<\/p>\n<p><sup><a name=\"2022_639\" style=\"scroll-margin-top: 150px;\">2<\/a><\/sup> Rozporz\u0105dzenie Ministra Finans\u00f3w w sprawie przed\u0142u\u017cenia termin\u00f3w wykonania niekt\u00f3rych obowi\u0105zk\u00f3w w zakresie podatku dochodowego od os\u00f3b prawnych (<a href=\"https:\/\/dziennikustaw.gov.pl\/DU\/2022\/0639\" target=\"_blank\" rel=\"noopener\" class=\"link\" title=\"Rozporz\u0105dzenie Ministra Finans\u00f3w w sprawie przed\u0142u\u017cenia termin\u00f3w wykonania niekt\u00f3rych obowi\u0105zk\u00f3w w zakresie podatku dochodowego od os\u00f3b prawnych\">Dziennik Ustaw 2022 r. poz. 639<\/a>).<\/p>\n<hr \\>\n<p>Je\u015bli maj\u0105 Pa\u0144stwo dodatkowe pytania prosimy skontaktowa\u0107 si\u0119 z osob\u0105 odpowiedzialn\u0105 za kontakt biznesowy z Pa\u0144stwem lub wys\u0142a\u0107 zapytanie poprzez formularz na stronie <span style=\"font-weight: bold;\">getsix\u00ae<\/span>.<\/p>\n<p><u><a href=\"https:\/\/hlb-poland.global\/pl\/kontakt\/\">Skontaktuj si\u0119 z nami \u00bb<\/a><\/u><\/p>\n<p style=\"text-align: center;\">***<\/p>\n<div style=\"padding: 10px; margin-bottom: 20px; background-color: #f1f2f5; color: #7d7d7d; text-align: justify;\"><em>Niniejsza publikacja ma charakter niewi\u0105\u017c\u0105cej informacji i s\u0142u\u017cy og\u00f3lnym celom informacyjnym. Przedstawione informacje nie stanowi\u0105 doradztwa prawnego, podatkowego ani w zakresie zarz\u0105dzania, jak r\u00f3wnie\u017c nie zast\u0119puj\u0105 indywidualnego doradztwa. Przy opracowaniu niniejszej publikacji do\u0142o\u017cono nale\u017cytej staranno\u015bci, jednak bez przej\u0119cia odpowiedzialno\u015bci za prawid\u0142owo\u015b\u0107, aktualno\u015b\u0107 i kompletno\u015b\u0107 prezentowanych informacji. Tre\u015bci w niej zawarte nie stanowi\u0105 samodzielnej podstawy do dzia\u0142ania i nie mog\u0105 zast\u0105pi\u0107 konkretnego doradztwa w indywidualnej sprawie. Odpowiedzialno\u015b\u0107 autor\u00f3w lub\u202fgetsix\u00ae jest wy\u0142\u0105czona. W razie potrzeby uzyskania wi\u0105\u017c\u0105cej opinii prosimy o bezpo\u015bredni kontakt z nami. Tre\u015b\u0107 niniejszej publikacji stanowi w\u0142asno\u015b\u0107 intelektualn\u0105\u202fgetsix\u00ae\u202flub firm partnerskich i podlega ochronie z tytu\u0142u praw autorskich. Osoby korzystaj\u0105ce z tych informacji mog\u0105 pobiera\u0107, drukowa\u0107 i kopiowa\u0107 tre\u015b\u0107 publikacji wy\u0142\u0105cznie na w\u0142asne potrzeby.<\/em><\/div>\n","protected":false},"excerpt":{"rendered":"<p>10 marca 2022 roku wesz\u0142o w \u017cycie rozporz\u0105dzenie Ministra Finans\u00f3w zmieniaj\u0105ce terminy sprawozdawcze za 2021 rok. Zgodnie z jego tre\u015bci\u0105, terminy m.in. na sporz\u0105dzenie, zatwierdzenie i przekazanie&#8230;<\/p>\n<div class=\"clear\"><\/div><a class=\"more-link\" href=\"https:\/\/hlb-poland.global\/pl\/wydluzenie-terminow-sprawozdawczych-oraz-rozliczeniowych-cit-za-2021-rok\/\"> Dowiedz si\u0119 wi\u0119cej <\/a>","protected":false},"author":3,"featured_media":9158,"comment_status":"closed","ping_status":"closed","sticky":false,"template":"press-room.php","format":"standard","meta":{"_acf_changed":false,"footnotes":""},"categories":[250],"tags":[1288,1175,1191,1176,1220],"class_list":["post-9150","post","type-post","status-publish","format-standard","has-post-thumbnail","hentry","category-informacje-prasowe","tag-2022-pl","tag-doradztwo-podatkowe","tag-podatki-przedsiebiorstwa","tag-uslugi-podatkowe","tag-zgodnosc-z-przepisami-podatkowymi-tax-compliance"],"acf":[],"yoast_head":"<!-- This site is optimized with the Yoast SEO plugin v27.2 - https:\/\/yoast.com\/product\/yoast-seo-wordpress\/ -->\n<title>Wyd\u0142u\u017cenie termin\u00f3w CIT za 2021 rok | HLB Poland<\/title>\n<meta name=\"description\" content=\"W marcu br. wesz\u0142y w \u017cycie rozporz\u0105dzenia Ministra Finans\u00f3w, dot. wyd\u0142u\u017cenia termin\u00f3w sporz\u0105dzenie sprawozda\u0144 finansowych o rozliczania podatku...\" \/>\n<meta name=\"robots\" content=\"index, follow, max-snippet:-1, max-image-preview:large, max-video-preview:-1\" \/>\n<link rel=\"canonical\" href=\"https:\/\/hlb-poland.global\/pl\/wydluzenie-terminow-sprawozdawczych-oraz-rozliczeniowych-cit-za-2021-rok\/\" \/>\n<meta property=\"og:locale\" content=\"pl_PL\" \/>\n<meta property=\"og:type\" content=\"article\" \/>\n<meta property=\"og:title\" content=\"Wyd\u0142u\u017cenie termin\u00f3w CIT za 2021 rok | HLB Poland\" \/>\n<meta property=\"og:description\" content=\"W marcu br. wesz\u0142y w \u017cycie rozporz\u0105dzenia Ministra Finans\u00f3w, dot. wyd\u0142u\u017cenia termin\u00f3w sporz\u0105dzenie sprawozda\u0144 finansowych o rozliczania podatku...\" \/>\n<meta property=\"og:url\" content=\"https:\/\/hlb-poland.global\/pl\/wydluzenie-terminow-sprawozdawczych-oraz-rozliczeniowych-cit-za-2021-rok\/\" \/>\n<meta property=\"og:site_name\" content=\"HLB Poland\" \/>\n<meta property=\"article:publisher\" content=\"https:\/\/www.facebook.com\/HLBPoland\" \/>\n<meta property=\"article:published_time\" content=\"2022-04-12T13:04:22+00:00\" \/>\n<meta property=\"article:modified_time\" content=\"2022-10-14T13:41:17+00:00\" \/>\n<meta property=\"og:image\" content=\"https:\/\/hlb-poland.global\/wp-content\/uploads\/2022\/04\/wydluzenie-terminow-PL-1116.jpg\" \/>\n\t<meta property=\"og:image:width\" content=\"1116\" \/>\n\t<meta property=\"og:image:height\" content=\"586\" \/>\n\t<meta property=\"og:image:type\" content=\"image\/jpeg\" \/>\n<meta name=\"author\" content=\"HLB Poland\" \/>\n<meta name=\"twitter:card\" content=\"summary_large_image\" \/>\n<meta name=\"twitter:label1\" content=\"Napisane przez\" \/>\n\t<meta name=\"twitter:data1\" content=\"HLB Poland\" \/>\n\t<meta name=\"twitter:label2\" content=\"Szacowany czas czytania\" \/>\n\t<meta name=\"twitter:data2\" content=\"3 minuty\" \/>\n<script type=\"application\/ld+json\" class=\"yoast-schema-graph\">{\"@context\":\"https:\/\/schema.org\",\"@graph\":[{\"@type\":\"Article\",\"@id\":\"https:\/\/hlb-poland.global\/pl\/wydluzenie-terminow-sprawozdawczych-oraz-rozliczeniowych-cit-za-2021-rok\/#article\",\"isPartOf\":{\"@id\":\"https:\/\/hlb-poland.global\/pl\/wydluzenie-terminow-sprawozdawczych-oraz-rozliczeniowych-cit-za-2021-rok\/\"},\"author\":{\"name\":\"HLB Poland\",\"@id\":\"https:\/\/hlb-poland.global\/#\/schema\/person\/eb37889b6dd70a90e5a9631b1a5e63d8\"},\"headline\":\"Wyd\u0142u\u017cenie termin\u00f3w sprawozdawczych oraz rozliczeniowych CIT za 2021 rok\",\"datePublished\":\"2022-04-12T13:04:22+00:00\",\"dateModified\":\"2022-10-14T13:41:17+00:00\",\"mainEntityOfPage\":{\"@id\":\"https:\/\/hlb-poland.global\/pl\/wydluzenie-terminow-sprawozdawczych-oraz-rozliczeniowych-cit-za-2021-rok\/\"},\"wordCount\":636,\"publisher\":{\"@id\":\"https:\/\/hlb-poland.global\/#organization\"},\"image\":{\"@id\":\"https:\/\/hlb-poland.global\/pl\/wydluzenie-terminow-sprawozdawczych-oraz-rozliczeniowych-cit-za-2021-rok\/#primaryimage\"},\"thumbnailUrl\":\"https:\/\/hlb-poland.global\/wp-content\/uploads\/2022\/04\/wydluzenie-terminow-PL-1116.jpg\",\"keywords\":[\"2022\",\"Doradztwo podatkowe\",\"Podatki przedsi\u0119biorstwa\",\"Us\u0142ugi podatkowe\",\"Zgodno\u015b\u0107 z przepisami podatkowymi (Tax Compliance)\"],\"articleSection\":[\"Informacje prasowe od HLB Poland\"],\"inLanguage\":\"pl-PL\"},{\"@type\":\"WebPage\",\"@id\":\"https:\/\/hlb-poland.global\/pl\/wydluzenie-terminow-sprawozdawczych-oraz-rozliczeniowych-cit-za-2021-rok\/\",\"url\":\"https:\/\/hlb-poland.global\/pl\/wydluzenie-terminow-sprawozdawczych-oraz-rozliczeniowych-cit-za-2021-rok\/\",\"name\":\"Wyd\u0142u\u017cenie termin\u00f3w CIT za 2021 rok | HLB Poland\",\"isPartOf\":{\"@id\":\"https:\/\/hlb-poland.global\/#website\"},\"primaryImageOfPage\":{\"@id\":\"https:\/\/hlb-poland.global\/pl\/wydluzenie-terminow-sprawozdawczych-oraz-rozliczeniowych-cit-za-2021-rok\/#primaryimage\"},\"image\":{\"@id\":\"https:\/\/hlb-poland.global\/pl\/wydluzenie-terminow-sprawozdawczych-oraz-rozliczeniowych-cit-za-2021-rok\/#primaryimage\"},\"thumbnailUrl\":\"https:\/\/hlb-poland.global\/wp-content\/uploads\/2022\/04\/wydluzenie-terminow-PL-1116.jpg\",\"datePublished\":\"2022-04-12T13:04:22+00:00\",\"dateModified\":\"2022-10-14T13:41:17+00:00\",\"description\":\"W marcu br. wesz\u0142y w \u017cycie rozporz\u0105dzenia Ministra Finans\u00f3w, dot. wyd\u0142u\u017cenia termin\u00f3w sporz\u0105dzenie sprawozda\u0144 finansowych o rozliczania podatku...\",\"breadcrumb\":{\"@id\":\"https:\/\/hlb-poland.global\/pl\/wydluzenie-terminow-sprawozdawczych-oraz-rozliczeniowych-cit-za-2021-rok\/#breadcrumb\"},\"inLanguage\":\"pl-PL\",\"potentialAction\":[{\"@type\":\"ReadAction\",\"target\":[\"https:\/\/hlb-poland.global\/pl\/wydluzenie-terminow-sprawozdawczych-oraz-rozliczeniowych-cit-za-2021-rok\/\"]}]},{\"@type\":\"ImageObject\",\"inLanguage\":\"pl-PL\",\"@id\":\"https:\/\/hlb-poland.global\/pl\/wydluzenie-terminow-sprawozdawczych-oraz-rozliczeniowych-cit-za-2021-rok\/#primaryimage\",\"url\":\"https:\/\/hlb-poland.global\/wp-content\/uploads\/2022\/04\/wydluzenie-terminow-PL-1116.jpg\",\"contentUrl\":\"https:\/\/hlb-poland.global\/wp-content\/uploads\/2022\/04\/wydluzenie-terminow-PL-1116.jpg\",\"width\":1116,\"height\":586,\"caption\":\"Wyd\u0142u\u017cenie termin\u00f3w sprawozdawczych oraz rozliczeniowych CIT za 2021 rok\"},{\"@type\":\"BreadcrumbList\",\"@id\":\"https:\/\/hlb-poland.global\/pl\/wydluzenie-terminow-sprawozdawczych-oraz-rozliczeniowych-cit-za-2021-rok\/#breadcrumb\",\"itemListElement\":[{\"@type\":\"ListItem\",\"position\":1,\"name\":\"Strona g\u0142\u00f3wna\",\"item\":\"https:\/\/hlb-poland.global\/pl\/\"},{\"@type\":\"ListItem\",\"position\":2,\"name\":\"Wyd\u0142u\u017cenie termin\u00f3w sprawozdawczych oraz rozliczeniowych CIT za 2021 rok\"}]},{\"@type\":\"WebSite\",\"@id\":\"https:\/\/hlb-poland.global\/#website\",\"url\":\"https:\/\/hlb-poland.global\/\",\"name\":\"HLB Poland\",\"description\":\"Advisory and accounting\",\"publisher\":{\"@id\":\"https:\/\/hlb-poland.global\/#organization\"},\"potentialAction\":[{\"@type\":\"SearchAction\",\"target\":{\"@type\":\"EntryPoint\",\"urlTemplate\":\"https:\/\/hlb-poland.global\/?s={search_term_string}\"},\"query-input\":{\"@type\":\"PropertyValueSpecification\",\"valueRequired\":true,\"valueName\":\"search_term_string\"}}],\"inLanguage\":\"pl-PL\"},{\"@type\":\"Organization\",\"@id\":\"https:\/\/hlb-poland.global\/#organization\",\"name\":\"HLB Poland\",\"url\":\"https:\/\/hlb-poland.global\/\",\"logo\":{\"@type\":\"ImageObject\",\"inLanguage\":\"pl-PL\",\"@id\":\"https:\/\/hlb-poland.global\/#\/schema\/logo\/image\/\",\"url\":\"https:\/\/hlb-poland.global\/wp-content\/uploads\/2025\/12\/hlb-poland-og-image.png\",\"contentUrl\":\"https:\/\/hlb-poland.global\/wp-content\/uploads\/2025\/12\/hlb-poland-og-image.png\",\"width\":1200,\"height\":630,\"caption\":\"HLB Poland\"},\"image\":{\"@id\":\"https:\/\/hlb-poland.global\/#\/schema\/logo\/image\/\"},\"sameAs\":[\"https:\/\/www.facebook.com\/HLBPoland\",\"https:\/\/www.linkedin.com\/company\/hlb-poland\"]},{\"@type\":\"Person\",\"@id\":\"https:\/\/hlb-poland.global\/#\/schema\/person\/eb37889b6dd70a90e5a9631b1a5e63d8\",\"name\":\"HLB Poland\",\"image\":{\"@type\":\"ImageObject\",\"inLanguage\":\"pl-PL\",\"@id\":\"https:\/\/secure.gravatar.com\/avatar\/8392d2cfb07727900a1db6caf7317e454b564c214874defa4d531e4830353929?s=96&d=mm&r=g\",\"url\":\"https:\/\/secure.gravatar.com\/avatar\/8392d2cfb07727900a1db6caf7317e454b564c214874defa4d531e4830353929?s=96&d=mm&r=g\",\"contentUrl\":\"https:\/\/secure.gravatar.com\/avatar\/8392d2cfb07727900a1db6caf7317e454b564c214874defa4d531e4830353929?s=96&d=mm&r=g\",\"caption\":\"HLB Poland\"}}]}<\/script>\n<!-- \/ Yoast SEO plugin. -->","yoast_head_json":{"title":"Wyd\u0142u\u017cenie termin\u00f3w CIT za 2021 rok | HLB Poland","description":"W marcu br. wesz\u0142y w \u017cycie rozporz\u0105dzenia Ministra Finans\u00f3w, dot. wyd\u0142u\u017cenia termin\u00f3w sporz\u0105dzenie sprawozda\u0144 finansowych o rozliczania podatku...","robots":{"index":"index","follow":"follow","max-snippet":"max-snippet:-1","max-image-preview":"max-image-preview:large","max-video-preview":"max-video-preview:-1"},"canonical":"https:\/\/hlb-poland.global\/pl\/wydluzenie-terminow-sprawozdawczych-oraz-rozliczeniowych-cit-za-2021-rok\/","og_locale":"pl_PL","og_type":"article","og_title":"Wyd\u0142u\u017cenie termin\u00f3w CIT za 2021 rok | HLB Poland","og_description":"W marcu br. wesz\u0142y w \u017cycie rozporz\u0105dzenia Ministra Finans\u00f3w, dot. wyd\u0142u\u017cenia termin\u00f3w sporz\u0105dzenie sprawozda\u0144 finansowych o rozliczania podatku...","og_url":"https:\/\/hlb-poland.global\/pl\/wydluzenie-terminow-sprawozdawczych-oraz-rozliczeniowych-cit-za-2021-rok\/","og_site_name":"HLB Poland","article_publisher":"https:\/\/www.facebook.com\/HLBPoland","article_published_time":"2022-04-12T13:04:22+00:00","article_modified_time":"2022-10-14T13:41:17+00:00","og_image":[{"width":1116,"height":586,"url":"https:\/\/hlb-poland.global\/wp-content\/uploads\/2022\/04\/wydluzenie-terminow-PL-1116.jpg","type":"image\/jpeg"}],"author":"HLB Poland","twitter_card":"summary_large_image","twitter_misc":{"Napisane przez":"HLB Poland","Szacowany czas czytania":"3 minuty"},"schema":{"@context":"https:\/\/schema.org","@graph":[{"@type":"Article","@id":"https:\/\/hlb-poland.global\/pl\/wydluzenie-terminow-sprawozdawczych-oraz-rozliczeniowych-cit-za-2021-rok\/#article","isPartOf":{"@id":"https:\/\/hlb-poland.global\/pl\/wydluzenie-terminow-sprawozdawczych-oraz-rozliczeniowych-cit-za-2021-rok\/"},"author":{"name":"HLB Poland","@id":"https:\/\/hlb-poland.global\/#\/schema\/person\/eb37889b6dd70a90e5a9631b1a5e63d8"},"headline":"Wyd\u0142u\u017cenie termin\u00f3w sprawozdawczych oraz rozliczeniowych CIT za 2021 rok","datePublished":"2022-04-12T13:04:22+00:00","dateModified":"2022-10-14T13:41:17+00:00","mainEntityOfPage":{"@id":"https:\/\/hlb-poland.global\/pl\/wydluzenie-terminow-sprawozdawczych-oraz-rozliczeniowych-cit-za-2021-rok\/"},"wordCount":636,"publisher":{"@id":"https:\/\/hlb-poland.global\/#organization"},"image":{"@id":"https:\/\/hlb-poland.global\/pl\/wydluzenie-terminow-sprawozdawczych-oraz-rozliczeniowych-cit-za-2021-rok\/#primaryimage"},"thumbnailUrl":"https:\/\/hlb-poland.global\/wp-content\/uploads\/2022\/04\/wydluzenie-terminow-PL-1116.jpg","keywords":["2022","Doradztwo podatkowe","Podatki przedsi\u0119biorstwa","Us\u0142ugi podatkowe","Zgodno\u015b\u0107 z przepisami podatkowymi (Tax Compliance)"],"articleSection":["Informacje prasowe od HLB Poland"],"inLanguage":"pl-PL"},{"@type":"WebPage","@id":"https:\/\/hlb-poland.global\/pl\/wydluzenie-terminow-sprawozdawczych-oraz-rozliczeniowych-cit-za-2021-rok\/","url":"https:\/\/hlb-poland.global\/pl\/wydluzenie-terminow-sprawozdawczych-oraz-rozliczeniowych-cit-za-2021-rok\/","name":"Wyd\u0142u\u017cenie termin\u00f3w CIT za 2021 rok | HLB Poland","isPartOf":{"@id":"https:\/\/hlb-poland.global\/#website"},"primaryImageOfPage":{"@id":"https:\/\/hlb-poland.global\/pl\/wydluzenie-terminow-sprawozdawczych-oraz-rozliczeniowych-cit-za-2021-rok\/#primaryimage"},"image":{"@id":"https:\/\/hlb-poland.global\/pl\/wydluzenie-terminow-sprawozdawczych-oraz-rozliczeniowych-cit-za-2021-rok\/#primaryimage"},"thumbnailUrl":"https:\/\/hlb-poland.global\/wp-content\/uploads\/2022\/04\/wydluzenie-terminow-PL-1116.jpg","datePublished":"2022-04-12T13:04:22+00:00","dateModified":"2022-10-14T13:41:17+00:00","description":"W marcu br. wesz\u0142y w \u017cycie rozporz\u0105dzenia Ministra Finans\u00f3w, dot. wyd\u0142u\u017cenia termin\u00f3w sporz\u0105dzenie sprawozda\u0144 finansowych o rozliczania podatku...","breadcrumb":{"@id":"https:\/\/hlb-poland.global\/pl\/wydluzenie-terminow-sprawozdawczych-oraz-rozliczeniowych-cit-za-2021-rok\/#breadcrumb"},"inLanguage":"pl-PL","potentialAction":[{"@type":"ReadAction","target":["https:\/\/hlb-poland.global\/pl\/wydluzenie-terminow-sprawozdawczych-oraz-rozliczeniowych-cit-za-2021-rok\/"]}]},{"@type":"ImageObject","inLanguage":"pl-PL","@id":"https:\/\/hlb-poland.global\/pl\/wydluzenie-terminow-sprawozdawczych-oraz-rozliczeniowych-cit-za-2021-rok\/#primaryimage","url":"https:\/\/hlb-poland.global\/wp-content\/uploads\/2022\/04\/wydluzenie-terminow-PL-1116.jpg","contentUrl":"https:\/\/hlb-poland.global\/wp-content\/uploads\/2022\/04\/wydluzenie-terminow-PL-1116.jpg","width":1116,"height":586,"caption":"Wyd\u0142u\u017cenie termin\u00f3w sprawozdawczych oraz rozliczeniowych CIT za 2021 rok"},{"@type":"BreadcrumbList","@id":"https:\/\/hlb-poland.global\/pl\/wydluzenie-terminow-sprawozdawczych-oraz-rozliczeniowych-cit-za-2021-rok\/#breadcrumb","itemListElement":[{"@type":"ListItem","position":1,"name":"Strona g\u0142\u00f3wna","item":"https:\/\/hlb-poland.global\/pl\/"},{"@type":"ListItem","position":2,"name":"Wyd\u0142u\u017cenie termin\u00f3w sprawozdawczych oraz rozliczeniowych CIT za 2021 rok"}]},{"@type":"WebSite","@id":"https:\/\/hlb-poland.global\/#website","url":"https:\/\/hlb-poland.global\/","name":"HLB Poland","description":"Advisory and accounting","publisher":{"@id":"https:\/\/hlb-poland.global\/#organization"},"potentialAction":[{"@type":"SearchAction","target":{"@type":"EntryPoint","urlTemplate":"https:\/\/hlb-poland.global\/?s={search_term_string}"},"query-input":{"@type":"PropertyValueSpecification","valueRequired":true,"valueName":"search_term_string"}}],"inLanguage":"pl-PL"},{"@type":"Organization","@id":"https:\/\/hlb-poland.global\/#organization","name":"HLB Poland","url":"https:\/\/hlb-poland.global\/","logo":{"@type":"ImageObject","inLanguage":"pl-PL","@id":"https:\/\/hlb-poland.global\/#\/schema\/logo\/image\/","url":"https:\/\/hlb-poland.global\/wp-content\/uploads\/2025\/12\/hlb-poland-og-image.png","contentUrl":"https:\/\/hlb-poland.global\/wp-content\/uploads\/2025\/12\/hlb-poland-og-image.png","width":1200,"height":630,"caption":"HLB Poland"},"image":{"@id":"https:\/\/hlb-poland.global\/#\/schema\/logo\/image\/"},"sameAs":["https:\/\/www.facebook.com\/HLBPoland","https:\/\/www.linkedin.com\/company\/hlb-poland"]},{"@type":"Person","@id":"https:\/\/hlb-poland.global\/#\/schema\/person\/eb37889b6dd70a90e5a9631b1a5e63d8","name":"HLB Poland","image":{"@type":"ImageObject","inLanguage":"pl-PL","@id":"https:\/\/secure.gravatar.com\/avatar\/8392d2cfb07727900a1db6caf7317e454b564c214874defa4d531e4830353929?s=96&d=mm&r=g","url":"https:\/\/secure.gravatar.com\/avatar\/8392d2cfb07727900a1db6caf7317e454b564c214874defa4d531e4830353929?s=96&d=mm&r=g","contentUrl":"https:\/\/secure.gravatar.com\/avatar\/8392d2cfb07727900a1db6caf7317e454b564c214874defa4d531e4830353929?s=96&d=mm&r=g","caption":"HLB Poland"}}]}},"_links":{"self":[{"href":"https:\/\/hlb-poland.global\/pl\/wp-json\/wp\/v2\/posts\/9150","targetHints":{"allow":["GET"]}}],"collection":[{"href":"https:\/\/hlb-poland.global\/pl\/wp-json\/wp\/v2\/posts"}],"about":[{"href":"https:\/\/hlb-poland.global\/pl\/wp-json\/wp\/v2\/types\/post"}],"author":[{"embeddable":true,"href":"https:\/\/hlb-poland.global\/pl\/wp-json\/wp\/v2\/users\/3"}],"replies":[{"embeddable":true,"href":"https:\/\/hlb-poland.global\/pl\/wp-json\/wp\/v2\/comments?post=9150"}],"version-history":[{"count":9,"href":"https:\/\/hlb-poland.global\/pl\/wp-json\/wp\/v2\/posts\/9150\/revisions"}],"predecessor-version":[{"id":11137,"href":"https:\/\/hlb-poland.global\/pl\/wp-json\/wp\/v2\/posts\/9150\/revisions\/11137"}],"wp:featuredmedia":[{"embeddable":true,"href":"https:\/\/hlb-poland.global\/pl\/wp-json\/wp\/v2\/media\/9158"}],"wp:attachment":[{"href":"https:\/\/hlb-poland.global\/pl\/wp-json\/wp\/v2\/media?parent=9150"}],"wp:term":[{"taxonomy":"category","embeddable":true,"href":"https:\/\/hlb-poland.global\/pl\/wp-json\/wp\/v2\/categories?post=9150"},{"taxonomy":"post_tag","embeddable":true,"href":"https:\/\/hlb-poland.global\/pl\/wp-json\/wp\/v2\/tags?post=9150"}],"curies":[{"name":"wp","href":"https:\/\/api.w.org\/{rel}","templated":true}]}}